{"id":56225,"date":"2024-01-15T10:34:03","date_gmt":"2024-01-15T14:34:03","guid":{"rendered":"https:\/\/inces.gob.ve\/?p=56225"},"modified":"2024-01-15T10:34:03","modified_gmt":"2024-01-15T14:34:03","slug":"aragua-inces-atendio-con-exito-en-2023-a-la-poblacion-de-los-centros-de-reclusion","status":"publish","type":"post","link":"https:\/\/inces.gob.ve\/index.php\/2024\/01\/15\/aragua-inces-atendio-con-exito-en-2023-a-la-poblacion-de-los-centros-de-reclusion\/","title":{"rendered":"ARAGUA | Inces atendi\u00f3 con \u00e9xito en 2023 a la poblaci\u00f3n de los centros de reclusi\u00f3n"},"content":{"rendered":"<div dir=\"auto\" style=\"text-align: justify;\"><em><strong><span style=\"font-family: helvetica, arial, sans-serif; font-size: 14pt;\">** El cierre de actividades lo protagoniz\u00f3 el \u00abHallacazo\u00bb, cuyas hojas, para el amarre del plato navide\u00f1o, se obtuvieron de los camburales del patio del centro, y como guaral, el destejido de los sacos de Hortalizas, con infinitas bendiciones y amor<\/span><\/strong><\/em><\/div>\n<p style=\"text-align: justify;\"><!--more--><\/p>\n<div dir=\"auto\" style=\"text-align: justify;\"><\/div>\n<div dir=\"auto\" style=\"text-align: justify;\"><\/div>\n<div dir=\"auto\" style=\"text-align: justify;\"><\/div>\n<div dir=\"auto\" style=\"text-align: justify;\"><\/div>\n<div dir=\"auto\" style=\"text-align: justify;\"><strong><span style=\"font-family: helvetica, arial, sans-serif; font-size: 14pt;\">NINOSKA PATRIZ<\/span><\/strong><\/div>\n<div dir=\"auto\" style=\"text-align: justify;\"><\/div>\n<div dir=\"auto\" style=\"text-align: justify;\"><span style=\"font-family: helvetica, arial, sans-serif; font-size: 14pt;\">El programa Luisa C\u00e1ceres de Arismendi del Instituto Nacional de Capacitaci\u00f3n y Educaci\u00f3n Socialista (Inces) de la regi\u00f3n Aragua, que integra en el proceso formativo a las personas que se encuentran privadas de libertad, atendi\u00f3 con \u00e9xito este 2023 a la poblaci\u00f3n de los centros de reclusi\u00f3n, dispuestos en el estado para el cumplimiento de sanciones penales como principal ente formativo del \u00e1mbito penitenciario.<\/span><\/div>\n<div dir=\"auto\"><\/div>\n<div dir=\"auto\" style=\"text-align: justify;\"><\/div>\n<div dir=\"auto\" style=\"text-align: justify;\"><span style=\"font-family: helvetica, arial, sans-serif; font-size: 14pt;\">En este aspecto, realiz\u00f3 el cierre de cursos desde en el centro de formaci\u00f3n de hombres nuevos Ezequiel Zamora (Tocor\u00f3n) y celebr\u00f3, junto a los participantes, el \u00abHallacazo Inces\u00bb. En este sentido, la unidad curricular de cocina se luci\u00f3 h\u00e1bilmente, pues los participantes hicieron 250 hallacas.<\/span><\/div>\n<div dir=\"auto\"><\/div>\n<div dir=\"auto\" style=\"text-align: justify;\"><\/div>\n<div dir=\"auto\" style=\"text-align: justify;\"><span style=\"font-family: helvetica, arial, sans-serif; font-size: 14pt;\">Los presentes en todo momento manifestaron su agradecimiento por la participaci\u00f3n de la maestra t\u00e9cnica productiva Leira Mendoza, la maestra t\u00e9cnica voluntaria Icoa Romero, jefe de Atenci\u00f3n Integral, bajo la supervisi\u00f3n del director H\u00e9ctor Maraima y el subdirector \u00c1ngel Soto.<\/span><\/div>\n<div dir=\"auto\" style=\"text-align: justify;\"><\/div>\n<div dir=\"auto\"><\/div>\n<div dir=\"auto\" style=\"text-align: justify;\"><span style=\"font-family: helvetica, arial, sans-serif; font-size: 14pt;\">El hallacazo fue dirigido totalmente por la poblaci\u00f3n privada de libertad. Participaron en su elaboraci\u00f3n cuatro cortadores de hojas, dos quemadores de hojas, dos limpiadores de hojas, un destejedor de sacos para obtener los amarres de las hallacas, un amasador, dos amarradores, cuatro rellenadores de hallaca, dos procesados desgranadores de onoto, tres cortadores de ali\u00f1os y un responsable para la cocci\u00f3n del guiso; esto para un total de: veintid\u00f3s privados de libertad, dos procesados y\u00a0 veinte participantes.<\/span><\/div>\n","protected":false},"excerpt":{"rendered":"<p>** El cierre de actividades lo protagoniz\u00f3 el \u00abHallacazo\u00bb, cuyas hojas, para el amarre del plato navide\u00f1o, se obtuvieron de los camburales del patio del centro, y como guaral, el destejido de los sacos de Hortalizas, con infinitas bendiciones y amor<\/p>\n","protected":false},"author":4,"featured_media":56226,"comment_status":"closed","ping_status":"closed","sticky":false,"template":"","format":"standard","meta":{"footnotes":""},"categories":[2],"tags":[],"class_list":["post-56225","post","type-post","status-publish","format-standard","has-post-thumbnail","hentry","category-blog"],"_links":{"self":[{"href":"https:\/\/inces.gob.ve\/index.php\/wp-json\/wp\/v2\/posts\/56225","targetHints":{"allow":["GET"]}}],"collection":[{"href":"https:\/\/inces.gob.ve\/index.php\/wp-json\/wp\/v2\/posts"}],"about":[{"href":"https:\/\/inces.gob.ve\/index.php\/wp-json\/wp\/v2\/types\/post"}],"author":[{"embeddable":true,"href":"https:\/\/inces.gob.ve\/index.php\/wp-json\/wp\/v2\/users\/4"}],"replies":[{"embeddable":true,"href":"https:\/\/inces.gob.ve\/index.php\/wp-json\/wp\/v2\/comments?post=56225"}],"version-history":[{"count":1,"href":"https:\/\/inces.gob.ve\/index.php\/wp-json\/wp\/v2\/posts\/56225\/revisions"}],"predecessor-version":[{"id":56227,"href":"https:\/\/inces.gob.ve\/index.php\/wp-json\/wp\/v2\/posts\/56225\/revisions\/56227"}],"wp:featuredmedia":[{"embeddable":true,"href":"https:\/\/inces.gob.ve\/index.php\/wp-json\/wp\/v2\/media\/56226"}],"wp:attachment":[{"href":"https:\/\/inces.gob.ve\/index.php\/wp-json\/wp\/v2\/media?parent=56225"}],"wp:term":[{"taxonomy":"category","embeddable":true,"href":"https:\/\/inces.gob.ve\/index.php\/wp-json\/wp\/v2\/categories?post=56225"},{"taxonomy":"post_tag","embeddable":true,"href":"https:\/\/inces.gob.ve\/index.php\/wp-json\/wp\/v2\/tags?post=56225"}],"curies":[{"name":"wp","href":"https:\/\/api.w.org\/{rel}","templated":true}]}}