{"id":56252,"date":"2024-01-18T14:19:52","date_gmt":"2024-01-18T18:19:52","guid":{"rendered":"https:\/\/inces.gob.ve\/?p=56252"},"modified":"2024-01-18T14:19:52","modified_gmt":"2024-01-18T18:19:52","slug":"3-breves-aragua","status":"publish","type":"post","link":"https:\/\/inces.gob.ve\/index.php\/2024\/01\/18\/3-breves-aragua\/","title":{"rendered":"3 BREVES | Aragua"},"content":{"rendered":"<p><strong><em><span style=\"font-family: helvetica, arial, sans-serif; font-size: 14pt;\">Centros de formaci\u00f3n de Villa de Cura y Maracay y el Programa Penitenciario est\u00e1n activos para la formaci\u00f3n de los venezolanos<\/span><\/em><\/strong><!--more--><\/p>\n<p>&nbsp;<\/p>\n<p><strong><span style=\"font-family: helvetica, arial, sans-serif; font-size: 14pt;\">Desde el CFS Villa de Cura se activaron formaciones para la Gran Misi\u00f3n Mujer Venezuela.<\/span><\/strong><\/p>\n<p><em><span style=\"font-family: helvetica, arial, sans-serif; font-size: 14pt;\">** Se di\u00f3 a conocer la planificaci\u00f3n del inicio de formaci\u00f3n en gastronom\u00eda y Textil<\/span><\/em><\/p>\n<p>&nbsp;<\/p>\n<p><strong><span style=\"font-family: helvetica, arial, sans-serif; font-size: 14pt;\">NINOSKA PATRIZ<\/span><\/strong><\/p>\n<p><span style=\"font-family: helvetica, arial, sans-serif; font-size: 14pt;\">Las Comunidades Virgen de Lourdes, Francisco de Miranda, Carrizalito y el casco central Villa de Cura, cuentan desde el inicio del mes de enero con el acompa\u00f1amiento del Ministerio de la Mujer y BanMujer y el Centro de Formaci\u00f3n Socialista (CFS) Villa de Cura, para cumplir con formaciones en las \u00e1reas textil y gastron\u00f3mica.<\/span><\/p>\n<p>&nbsp;<\/p>\n<p><span style=\"font-family: helvetica, arial, sans-serif; font-size: 14pt;\">Tambi\u00e9n se realiz\u00f3 un conversatorio orientado a los participantes inscritos en la formaci\u00f3n textil, donde se destac\u00f3 la orientaci\u00f3n de la maestra t\u00e9cnica productiva Yasmil Montevideo.<\/span><\/p>\n<p>&nbsp;<\/p>\n<p><span style=\"font-family: helvetica, arial, sans-serif; font-size: 14pt;\">Esta iniciativa procede de las solicitudes manifestadas por las mujeres, quienes, empoderadas en funci\u00f3n de su desarrollo integral, luego realizar\u00e1n incursiones en emprendimientos en estas materias.<\/span><\/p>\n<p>&nbsp;<\/p>\n<p><span style=\"font-family: helvetica, arial, sans-serif; font-size: 14pt;\">Vale destacar que tambi\u00e9n se inform\u00f3 de la importancia del cumplimiento de las medidas de Bioseguridad en todos los ambientes a fin de preservar la salud y el buen desarrollo de las actividades.<\/span><\/p>\n<p>&nbsp;<\/p>\n<p>&nbsp;<\/p>\n<p><strong><span style=\"font-family: helvetica, arial, sans-serif; font-size: 14pt;\">El CFS Inces Comercial Maracay se activ\u00f3 para brindar atenci\u00f3n formativa a las mujeres de la regi\u00f3n<\/span><\/strong><\/p>\n<p><em><strong><span style=\"font-family: helvetica, arial, sans-serif; font-size: 14pt;\">** El llamado es a todas las mujeres de la patria, para formarse hasta el \u00faltimo rinc\u00f3n del pa\u00eds<\/span><\/strong><\/em><\/p>\n<p>&nbsp;<\/p>\n<p><span style=\"font-family: helvetica, arial, sans-serif; font-size: 14pt;\">La Casa de los Abuelos de la urbanizaci\u00f3n 23 de Enero fue el escenario para la reuni\u00f3n realizada con el jefe de Centro del CFS Comercial Maracay, la coordinadora de la Universidad de las Comunas y su equipo de formadores.<\/span><\/p>\n<p>&nbsp;<\/p>\n<p><span style=\"font-family: helvetica, arial, sans-serif; font-size: 14pt;\">El objetivo fue planificar las formaciones Inces en el \u00e1mbito de las comunas, y en este sentido se acord\u00f3 dar inicio pr\u00f3ximamente a la unidad curricular Planificaci\u00f3n y Control de Costo que est\u00e1 dentro del: motor productivo Emprendedores y el perfil productivo: Emprendedor<\/span><\/p>\n<p>&nbsp;<\/p>\n<p><span style=\"font-family: helvetica, arial, sans-serif; font-size: 14pt;\">Posteriormente, en este mismo lugar se desarroll\u00f3 una charla informativa dirigida a toda la comunidad de este centro de estudios y para captaci\u00f3n de nuevos participantes.<\/span><\/p>\n<p>&nbsp;<\/p>\n<p><span style=\"font-family: helvetica, arial, sans-serif; font-size: 14pt;\">Entre los presentes se contaron ocho personas, tres femeninas y cinco masculinos, destac\u00e1ndose la presencia de la profesora Doris D\u00edaz, quien es la coordinadora de la Universidad de las Comunas y que tambi\u00e9n pertenece a la estructura municipal de la GMVM y es formadora parroquial del PSUV.<\/span><\/p>\n<p>&nbsp;<\/p>\n<p>&nbsp;<\/p>\n<p><strong><span style=\"font-family: helvetica, arial, sans-serif; font-size: 14pt;\">Iniciamos actividades del Programa Penitenciario Inces Aragua desde el CP Maracay Sur<\/span><\/strong><\/p>\n<p><em><strong><span style=\"font-family: helvetica, arial, sans-serif; font-size: 14pt;\">** El escenario formativo enfocado a la Gran Misi\u00f3n Venezuela Mujer fue el Anexo Femenino de El Cuartelito<\/span><\/strong><\/em><\/p>\n<p><span style=\"font-family: helvetica, arial, sans-serif; font-size: 14pt;\">Las Unidades Curriculares de Higiene y Conservaci\u00f3n de Alimentos y Preparaci\u00f3n de Comidas R\u00e1pidas fueron las grandes protagonistas formativas del inicio de actividades<\/span><\/p>\n<p>&nbsp;<\/p>\n<p><span style=\"font-family: helvetica, arial, sans-serif; font-size: 14pt;\">Estas fueron orientadas a un Grupo de 16 Privadas de Libertad del Comando Policial Maracay Sur, siendo recibido el personal del Inces por la Oficial Comisionada Mar\u00eda Serrano, directora Encargada de ese centro privativo de libertad, todo en compa\u00f1\u00eda de la maestra Marlene Febres.<\/span><\/p>\n<p>&nbsp;<\/p>\n<p><span style=\"font-family: helvetica, arial, sans-serif; font-size: 14pt;\">\u00abEl inicio de las actividades en el Anexo Femenino obedece al impulso del 2do v\u00e9rtice de la misi\u00f3n Venezuela Mujer: Ed\u00facate en Venezuela Mujer\u00bb, explico personal del Inces quien agreg\u00f3 que \u201cno existe l\u00edmite para la superaci\u00f3n personal y estamos llamados y llamadas a seguir impulsando las formaciones\u00bb.<\/span><\/p>\n","protected":false},"excerpt":{"rendered":"<p>Centros de formaci\u00f3n de Villa de Cura y Maracay y el Programa Penitenciario est\u00e1n activos para la formaci\u00f3n de los venezolanos<\/p>\n","protected":false},"author":4,"featured_media":56253,"comment_status":"closed","ping_status":"closed","sticky":false,"template":"","format":"standard","meta":{"footnotes":""},"categories":[2],"tags":[],"class_list":["post-56252","post","type-post","status-publish","format-standard","has-post-thumbnail","hentry","category-blog"],"_links":{"self":[{"href":"https:\/\/inces.gob.ve\/index.php\/wp-json\/wp\/v2\/posts\/56252","targetHints":{"allow":["GET"]}}],"collection":[{"href":"https:\/\/inces.gob.ve\/index.php\/wp-json\/wp\/v2\/posts"}],"about":[{"href":"https:\/\/inces.gob.ve\/index.php\/wp-json\/wp\/v2\/types\/post"}],"author":[{"embeddable":true,"href":"https:\/\/inces.gob.ve\/index.php\/wp-json\/wp\/v2\/users\/4"}],"replies":[{"embeddable":true,"href":"https:\/\/inces.gob.ve\/index.php\/wp-json\/wp\/v2\/comments?post=56252"}],"version-history":[{"count":1,"href":"https:\/\/inces.gob.ve\/index.php\/wp-json\/wp\/v2\/posts\/56252\/revisions"}],"predecessor-version":[{"id":56254,"href":"https:\/\/inces.gob.ve\/index.php\/wp-json\/wp\/v2\/posts\/56252\/revisions\/56254"}],"wp:featuredmedia":[{"embeddable":true,"href":"https:\/\/inces.gob.ve\/index.php\/wp-json\/wp\/v2\/media\/56253"}],"wp:attachment":[{"href":"https:\/\/inces.gob.ve\/index.php\/wp-json\/wp\/v2\/media?parent=56252"}],"wp:term":[{"taxonomy":"category","embeddable":true,"href":"https:\/\/inces.gob.ve\/index.php\/wp-json\/wp\/v2\/categories?post=56252"},{"taxonomy":"post_tag","embeddable":true,"href":"https:\/\/inces.gob.ve\/index.php\/wp-json\/wp\/v2\/tags?post=56252"}],"curies":[{"name":"wp","href":"https:\/\/api.w.org\/{rel}","templated":true}]}}