{"id":56305,"date":"2024-01-19T13:28:40","date_gmt":"2024-01-19T17:28:40","guid":{"rendered":"https:\/\/inces.gob.ve\/?p=56305"},"modified":"2024-02-05T13:28:56","modified_gmt":"2024-02-05T17:28:56","slug":"trujillo-inces-se-despliega-en-atencion-al-empoderamiento-de-la-mujer","status":"publish","type":"post","link":"https:\/\/inces.gob.ve\/index.php\/2024\/01\/19\/trujillo-inces-se-despliega-en-atencion-al-empoderamiento-de-la-mujer\/","title":{"rendered":"TRUJILLO | Inces se despliega en atenci\u00f3n al empoderamiento de la mujer"},"content":{"rendered":"<p style=\"font-weight: 400; text-align: justify;\"><!--more--><\/p>\n<p>&nbsp;<\/p>\n<p style=\"font-weight: 400; text-align: justify;\"><span style=\"font-family: helvetica, arial, sans-serif; font-size: 14pt;\">Cumpliendo con las orientaciones emanadas por el presidente de la Rep\u00fablica Nicol\u00e1s Maduro Moros para acompa\u00f1ar a la mujer hacia la justicia, igualdad y prosperidad; de las Ministras de educaci\u00f3n b\u00e1sica, universitaria, Yelitze Santaella, Sandra Oblitas respectivamente, presidente del Inces Wikelman \u00c1ngel y en el estado Trujillo bajo las directrices del Gobernador Mayor Gerardo M\u00e1rquez, gerente regional Alexis Brice\u00f1o. El inces participa con su proceso formativo en distintas opciones dirigidas a la mujer en el lanzamiento del segundo v\u00e9rtice \u201cEducaci\u00f3n para el empoderamiento de la Mujer\u201d de la Gran misi\u00f3n Venezuela Mujer (GMVM)<\/span><\/p>\n<p style=\"font-weight: 400; text-align: justify;\"><span style=\"font-family: helvetica, arial, sans-serif; font-size: 14pt;\">Por consiguiente, desde el sistema ed\u00facate se logr\u00f3 captar un total de 56.000 mujeres que solicitan demandas formativas en el Inces; en este sentido fueron priorizadas 17.765 mujeres a nivel nacional y espec\u00edficamente en la regi\u00f3n Trujillo el pasado lunes se llev\u00f3 a cabo el primer acercamiento, en el cual fueron incorporadas 527 mujeres a los procesos formativos en los centros de formaci\u00f3n socialista Al\u00ed Primera, Barbarita de la Torre, Samuel Robinson, Jos\u00e9 Mart\u00ed; y en los municipios Bocon\u00f3, Candelar\u00eda, Escuque, Jos\u00e9 Felipe M\u00e1rquez Ca\u00f1izalez, Juan Vicente Campo El\u00edas, Motat\u00e1n, Miranda, Pamp\u00e1n, Pampanito, Rafael Rangel, San Rafael de Carvajal, Sucre, Trujillo, Urdaneta y Valera.<\/span><\/p>\n<p style=\"font-weight: 400; text-align: justify;\"><span style=\"font-family: helvetica, arial, sans-serif; font-size: 14pt;\">En acci\u00f3n conjunta el gerente regional Alexis Brice\u00f1o, trabajadores Inces responsables por municipio\u00a0\u00a0\u00a0directores de los Centros de Desarrollo de la Calidad Educativa (CDCE) del estado Trujillo, misiones y grandes misiones, Somos Venezuela, Ministerio de la Mujer, Instituto trujillano de la Mujer, Vice presidencia de la mujer del partido del municipio Trujillo (VPM PSUV), Intramujer, sostuvieron encuentro con las mujeres registrada en el Sistema ed\u00facate en el marco del lanzamiento del segundo v\u00e9rtice e inicio de las actividades formativas programadas para cumplir con la meta establecida en\u00a0\u00a0el a\u00f1o 2024.<\/span><\/p>\n<p style=\"font-weight: 400; text-align: justify;\"><span style=\"font-family: helvetica, arial, sans-serif; font-size: 14pt;\">En conversaciones con las mujeres que acudieron al llamado la Se\u00f1ora Ana P\u00e9rez se muestra agradecida con la activaci\u00f3n de este v\u00e9rtice que permite a trav\u00e9s de la educaci\u00f3n independizar a la mujer desde el fortalecimiento de la t\u00e9cnica en oficios para beneficio de la econom\u00eda familiar. Solicita adem\u00e1s la formaci\u00f3n en avicultura para lograr fortalecer la comuna Mukokuikas de la parroquia Monse\u00f1or Carrillo del municipio Trujillo.<\/span><\/p>\n<p style=\"font-weight: 400; text-align: justify;\"><span style=\"font-family: helvetica, arial, sans-serif; font-size: 14pt;\">Por otra parte, el gerente Brice\u00f1o expreso que con estas acciones se apertura formalmente el proceso formativo con nuevos perfiles productivos que se incorporan a la malla curricular que consolida la transformaci\u00f3n curricular y digital. Reitera el llamado a toda la colectividad trujillana que deseen formar parte de los procesos formativos en especial a las mujeres y hombres ingresar a trav\u00e9s del Sistema Ed\u00facate en el siguiente link:\u00a0<a href=\"http:\/\/educateenvenezuela.web.ve\/\" data-saferedirecturl=\"https:\/\/www.google.com\/url?q=http:\/\/educateenvenezuela.web.ve&amp;source=gmail&amp;ust=1705757901792000&amp;usg=AOvVaw0s83Kh5mLuc4X4Ru0LawT-\">educateenvenezuela.web.ve<\/a>. y\u00a0<a href=\"http:\/\/www.inces.gob.ve\/\" data-saferedirecturl=\"https:\/\/www.google.com\/url?q=http:\/\/www.inces.gob.ve\/&amp;source=gmail&amp;ust=1705757901792000&amp;usg=AOvVaw1vy3rSiGyv1ZrUPh01r-5-\">http:\/\/www.inces.gob.ve\/<\/a>\u00a0respectivamente.<\/span><\/p>\n","protected":false},"excerpt":{"rendered":"","protected":false},"author":4,"featured_media":0,"comment_status":"closed","ping_status":"closed","sticky":false,"template":"","format":"standard","meta":{"footnotes":""},"categories":[2],"tags":[],"class_list":["post-56305","post","type-post","status-publish","format-standard","hentry","category-blog"],"_links":{"self":[{"href":"https:\/\/inces.gob.ve\/index.php\/wp-json\/wp\/v2\/posts\/56305","targetHints":{"allow":["GET"]}}],"collection":[{"href":"https:\/\/inces.gob.ve\/index.php\/wp-json\/wp\/v2\/posts"}],"about":[{"href":"https:\/\/inces.gob.ve\/index.php\/wp-json\/wp\/v2\/types\/post"}],"author":[{"embeddable":true,"href":"https:\/\/inces.gob.ve\/index.php\/wp-json\/wp\/v2\/users\/4"}],"replies":[{"embeddable":true,"href":"https:\/\/inces.gob.ve\/index.php\/wp-json\/wp\/v2\/comments?post=56305"}],"version-history":[{"count":1,"href":"https:\/\/inces.gob.ve\/index.php\/wp-json\/wp\/v2\/posts\/56305\/revisions"}],"predecessor-version":[{"id":56497,"href":"https:\/\/inces.gob.ve\/index.php\/wp-json\/wp\/v2\/posts\/56305\/revisions\/56497"}],"wp:attachment":[{"href":"https:\/\/inces.gob.ve\/index.php\/wp-json\/wp\/v2\/media?parent=56305"}],"wp:term":[{"taxonomy":"category","embeddable":true,"href":"https:\/\/inces.gob.ve\/index.php\/wp-json\/wp\/v2\/categories?post=56305"},{"taxonomy":"post_tag","embeddable":true,"href":"https:\/\/inces.gob.ve\/index.php\/wp-json\/wp\/v2\/tags?post=56305"}],"curies":[{"name":"wp","href":"https:\/\/api.w.org\/{rel}","templated":true}]}}