{"id":56341,"date":"2024-01-25T06:25:46","date_gmt":"2024-01-25T10:25:46","guid":{"rendered":"https:\/\/inces.gob.ve\/?p=56341"},"modified":"2024-01-25T14:33:18","modified_gmt":"2024-01-25T18:33:18","slug":"falcon-inces-celebro-1er-encuentro-de-formacion-profesional-2024","status":"publish","type":"post","link":"https:\/\/inces.gob.ve\/index.php\/2024\/01\/25\/falcon-inces-celebro-1er-encuentro-de-formacion-profesional-2024\/","title":{"rendered":"FALC\u00d3N |Inces celebr\u00f3 1er Encuentro de Formaci\u00f3n Profesional 2024"},"content":{"rendered":"<p style=\"text-align: justify;\" align=\"center\"><em><strong><span style=\"font-family: helvetica, arial, sans-serif; font-size: 14pt;\">** Con la finalidad de intercambiar sobre temas que son un reto para la instituci\u00f3n<\/span><!--more--><\/strong><\/em><\/p>\n<p style=\"text-align: justify;\" align=\"justify\"><span style=\"font-family: helvetica, arial, sans-serif; font-size: 14pt;\"><b>MIRIAM GONZ\u00c1LEZ VILLAROEL<\/b><\/span><\/p>\n<p style=\"text-align: justify;\" align=\"justify\"><span style=\"font-family: helvetica, arial, sans-serif; font-size: 14pt;\">En los espacios del centro de formaci\u00f3n socialista (CFS) \u00abJos\u00e9 Leonardo Chirino\u201d del Instituto Nacional de Capacitaci\u00f3n y Educaci\u00f3n Socialista (Inces) en la ciudad de Santa Ana de Coro, se reunieron maestros t\u00e9cnicos productivos, coordinadores de programas y apoyo docente, con la responsable de la Divisi\u00f3n de Formaci\u00f3n Profesional, Olga Noguera, con el prop\u00f3sito de establecer las orientaciones a seguir para garantizar el \u00e9xitos de los procesos formativos para el a\u00f1o 2024. <\/span><\/p>\n<p align=\"justify\">\n<p style=\"text-align: justify;\" align=\"justify\"><span style=\"font-family: helvetica, arial, sans-serif; font-size: 14pt;\">La acci\u00f3n pedag\u00f3gica, se realiz\u00f3 en el contexto del nuevo proceso de transformaci\u00f3n curricular y de los nuevos retos que enfrenta la instituci\u00f3n sobre la Misi\u00f3n Venezuela Mujer, Misi\u00f3n Venezuela Joven, responsables por municipios, estructura de la gesti\u00f3n por \u00e1mbitos, espacios, sistema HACER, data de los maestros, seguimiento y control, encuentros mensuales y de profundizar en el m\u00e9todo sist\u00e9mico dial\u00f3gico y conocer sobre la organizaci\u00f3n curricular por procesos y proyectos que se han venido construyendo, debatiendo y socializando, que se nutre de situaciones de inter\u00e9s comunitario, productivo y educativo, entre otros, y se efect\u00faa en el \u00e1mbito de la consolidaci\u00f3n del nuevo dise\u00f1o curricular por competencias y cualificaciones.<\/span><\/p>\n<p align=\"justify\">\n<p style=\"text-align: justify;\" align=\"justify\"><span style=\"font-family: helvetica, arial, sans-serif; font-size: 14pt;\">En este mismo sentido, durante el encuentro se reconoci\u00f3 la labor que han venido realizando los maestros desde cada una de las \u00e1reas de formaci\u00f3n, articulando con el nuevo modelo educativo institucional; as\u00ed como con las pol\u00edticas educativas a nivel macro del sistema educativo venezolano.<\/span><\/p>\n","protected":false},"excerpt":{"rendered":"<p>** Con la finalidad de intercambiar sobre temas que son un reto para la instituci\u00f3n<\/p>\n","protected":false},"author":4,"featured_media":56342,"comment_status":"closed","ping_status":"closed","sticky":false,"template":"","format":"standard","meta":{"footnotes":""},"categories":[2],"tags":[],"class_list":["post-56341","post","type-post","status-publish","format-standard","has-post-thumbnail","hentry","category-blog"],"_links":{"self":[{"href":"https:\/\/inces.gob.ve\/index.php\/wp-json\/wp\/v2\/posts\/56341","targetHints":{"allow":["GET"]}}],"collection":[{"href":"https:\/\/inces.gob.ve\/index.php\/wp-json\/wp\/v2\/posts"}],"about":[{"href":"https:\/\/inces.gob.ve\/index.php\/wp-json\/wp\/v2\/types\/post"}],"author":[{"embeddable":true,"href":"https:\/\/inces.gob.ve\/index.php\/wp-json\/wp\/v2\/users\/4"}],"replies":[{"embeddable":true,"href":"https:\/\/inces.gob.ve\/index.php\/wp-json\/wp\/v2\/comments?post=56341"}],"version-history":[{"count":2,"href":"https:\/\/inces.gob.ve\/index.php\/wp-json\/wp\/v2\/posts\/56341\/revisions"}],"predecessor-version":[{"id":56344,"href":"https:\/\/inces.gob.ve\/index.php\/wp-json\/wp\/v2\/posts\/56341\/revisions\/56344"}],"wp:featuredmedia":[{"embeddable":true,"href":"https:\/\/inces.gob.ve\/index.php\/wp-json\/wp\/v2\/media\/56342"}],"wp:attachment":[{"href":"https:\/\/inces.gob.ve\/index.php\/wp-json\/wp\/v2\/media?parent=56341"}],"wp:term":[{"taxonomy":"category","embeddable":true,"href":"https:\/\/inces.gob.ve\/index.php\/wp-json\/wp\/v2\/categories?post=56341"},{"taxonomy":"post_tag","embeddable":true,"href":"https:\/\/inces.gob.ve\/index.php\/wp-json\/wp\/v2\/tags?post=56341"}],"curies":[{"name":"wp","href":"https:\/\/api.w.org\/{rel}","templated":true}]}}