{"id":56364,"date":"2024-01-25T11:12:56","date_gmt":"2024-01-25T15:12:56","guid":{"rendered":"https:\/\/inces.gob.ve\/?p=56364"},"modified":"2024-01-29T11:17:46","modified_gmt":"2024-01-29T15:17:46","slug":"apure-el-programa-nacional-de-aprendizaje-reanudo-sus-actividades-academicas","status":"publish","type":"post","link":"https:\/\/inces.gob.ve\/index.php\/2024\/01\/25\/apure-el-programa-nacional-de-aprendizaje-reanudo-sus-actividades-academicas\/","title":{"rendered":"APURE | El Programa Nacional de Aprendizaje reanudo sus actividades acad\u00e9micas"},"content":{"rendered":"<p style=\"text-align: justify;\"><span style=\"font-size: 14pt; font-family: helvetica, arial, sans-serif;\">Los aprendices de la entidad de trabajo Matadero Industrial del Sur, C.A, de la ocupaci\u00f3n T\u00e9cnico en Refrigeraci\u00f3n y Aire Acondicionado, junto a su formadora Dariana P\u00e9rez, se incorporaron a sus actividades pedag\u00f3gicas en fase te\u00f3rica luego de vacaciones colectivas.<\/span><\/p>\n<p>&nbsp;<\/p>\n<p style=\"text-align: justify;\"><span style=\"font-size: 14pt; font-family: helvetica, arial, sans-serif;\">Durante el inicio de actividades se cont\u00f3 con la presencia del gerente regional del Inces en Apure, Daviel Rodr\u00edguez, la coordinadora del Programa Nacional de Aprendizaje, Maneilis P\u00e9rez y la tutora empresarial, Oriana Carrillo para la entrega y recepci\u00f3n de recursos did\u00e1cticos y uniformes para los aprendices.<\/span><\/p>\n<p>&nbsp;<\/p>\n<p style=\"text-align: justify;\"><span style=\"font-size: 14pt; font-family: helvetica, arial, sans-serif;\">En este sentido, la tutora empresarial representante de la entidad de trabajo Matadero Industrial del Sur, C.A, Oriana Carrillo, entreg\u00f3 a los aprendices los uniformes debidamente identificados. Cabe destacar que estos fueron elaborados por expertos del \u00e1rea textil pertenecientes al Inces en la regi\u00f3n.<\/span><\/p>\n","protected":false},"excerpt":{"rendered":"<p>Los aprendices de la entidad de trabajo Matadero Industrial del Sur, C.A, de la ocupaci\u00f3n T\u00e9cnico en Refrigeraci\u00f3n y Aire Acondicionado, junto a su formadora Dariana P\u00e9rez, se incorporaron a sus actividades pedag\u00f3gicas en fase te\u00f3rica luego de vacaciones colectivas. &nbsp; Durante el inicio de actividades se cont\u00f3 con la presencia del gerente regional del [&hellip;]<\/p>\n","protected":false},"author":4,"featured_media":56365,"comment_status":"closed","ping_status":"closed","sticky":false,"template":"","format":"standard","meta":{"footnotes":""},"categories":[2],"tags":[],"class_list":["post-56364","post","type-post","status-publish","format-standard","has-post-thumbnail","hentry","category-blog"],"_links":{"self":[{"href":"https:\/\/inces.gob.ve\/index.php\/wp-json\/wp\/v2\/posts\/56364","targetHints":{"allow":["GET"]}}],"collection":[{"href":"https:\/\/inces.gob.ve\/index.php\/wp-json\/wp\/v2\/posts"}],"about":[{"href":"https:\/\/inces.gob.ve\/index.php\/wp-json\/wp\/v2\/types\/post"}],"author":[{"embeddable":true,"href":"https:\/\/inces.gob.ve\/index.php\/wp-json\/wp\/v2\/users\/4"}],"replies":[{"embeddable":true,"href":"https:\/\/inces.gob.ve\/index.php\/wp-json\/wp\/v2\/comments?post=56364"}],"version-history":[{"count":3,"href":"https:\/\/inces.gob.ve\/index.php\/wp-json\/wp\/v2\/posts\/56364\/revisions"}],"predecessor-version":[{"id":56368,"href":"https:\/\/inces.gob.ve\/index.php\/wp-json\/wp\/v2\/posts\/56364\/revisions\/56368"}],"wp:featuredmedia":[{"embeddable":true,"href":"https:\/\/inces.gob.ve\/index.php\/wp-json\/wp\/v2\/media\/56365"}],"wp:attachment":[{"href":"https:\/\/inces.gob.ve\/index.php\/wp-json\/wp\/v2\/media?parent=56364"}],"wp:term":[{"taxonomy":"category","embeddable":true,"href":"https:\/\/inces.gob.ve\/index.php\/wp-json\/wp\/v2\/categories?post=56364"},{"taxonomy":"post_tag","embeddable":true,"href":"https:\/\/inces.gob.ve\/index.php\/wp-json\/wp\/v2\/tags?post=56364"}],"curies":[{"name":"wp","href":"https:\/\/api.w.org\/{rel}","templated":true}]}}