{"id":56398,"date":"2024-01-29T15:43:23","date_gmt":"2024-01-29T19:43:23","guid":{"rendered":"https:\/\/inces.gob.ve\/?p=56398"},"modified":"2024-01-29T15:43:23","modified_gmt":"2024-01-29T19:43:23","slug":"merida-inces-inicio-formacion-del-perfil-productivo-promotor-recreativo","status":"publish","type":"post","link":"https:\/\/inces.gob.ve\/index.php\/2024\/01\/29\/merida-inces-inicio-formacion-del-perfil-productivo-promotor-recreativo\/","title":{"rendered":"M\u00c9RIDA | Inces inici\u00f3 formaci\u00f3n del perfil productivo Promotor Recreativo"},"content":{"rendered":"<p style=\"font-weight: 400;\"><span style=\"font-family: helvetica, arial, sans-serif; font-size: 14pt;\"><strong><em>** La Mesa del Buen Vivir en M\u00e9rida se activar\u00e1 en diferentes puntos de la entidad, durante el asueto de carnaval y Ferias del Sol<\/em><\/strong><!--more--><\/span><\/p>\n<p>&nbsp;<\/p>\n<p>&nbsp;<\/p>\n<p style=\"font-weight: 400;\"><strong><span style=\"font-family: helvetica, arial, sans-serif; font-size: 14pt;\">NADIA LOBO<\/span><\/strong><\/p>\n<p style=\"font-weight: 400;\"><span style=\"font-family: helvetica, arial, sans-serif; font-size: 14pt;\"> Con el objetivo de fortalecer\u00a0 la Mesa del Buen Vivir, el Instituto Nacional de Capacitaci\u00f3n y Educaci\u00f3n Socialista (Inces) inici\u00f3 una formaci\u00f3n con la unidad curricular (UC) Dise\u00f1os de Programas Recreativos, con 32 participantes procedentes de diferentes instituciones que hacen vida en el estado M\u00e9rida.<\/span><\/p>\n<p>&nbsp;<\/p>\n<p style=\"font-weight: 400;\"><span style=\"font-family: helvetica, arial, sans-serif; font-size: 14pt;\">En este sentido, el gerente regional del Inces M\u00e9rida, Geldrit Roca, manifest\u00f3 que esta primera UC corresponde al perfil productivo, Promotor Recreativo que esta instituci\u00f3n ofrece en las modalidades presenciales, virtuales y mixtas dirigido a los integrantes de la Mesa del Buen Vivir.<\/span><\/p>\n<p style=\"font-weight: 400;\">\n<p style=\"font-weight: 400;\"><span style=\"font-family: helvetica, arial, sans-serif; font-size: 14pt;\">La primera formaci\u00f3n se desarroll\u00f3 en las instalaciones del Centro Cultural \u201cCarlos Poveda\u201d de la comunidad de Campo de Oros en la ciudad de M\u00e9rida, y seguir\u00e1 itinerante, seg\u00fan las necesidades del perfil productivo laboral.<\/span><\/p>\n<p style=\"font-weight: 400;\">\n<p style=\"font-weight: 400;\"><span style=\"font-family: helvetica, arial, sans-serif; font-size: 14pt;\">De igual manera explic\u00f3 que la formaci\u00f3n con sus diferentes unidades curriculares estar\u00e1n a cargo de los Maestros T\u00e9cnicos Productivos (MTP) en sus diferentes especialidades y se fundamenta en el nuevo curr\u00edculo del Inces, dise\u00f1ado para responder a las ocupaciones con mayor demanda y necesidad.<\/span><\/p>\n<p style=\"font-weight: 400;\">\n<p style=\"font-weight: 400;\"><span style=\"font-family: helvetica, arial, sans-serif; font-size: 14pt;\">Es importante destacar que La Mesa del Buen Vivir, participan instituciones nacionales, regionales y movimientos sociales para garantizar el sano esparcimiento; y se preparan para ofrecer espacios para el disfrute y gozo de la colectividad, con especial atenci\u00f3n en el receso por la temporada carnestolendas.<\/span><\/p>\n","protected":false},"excerpt":{"rendered":"<p>** La Mesa del Buen Vivir en M\u00e9rida se activar\u00e1 en diferentes puntos de la entidad, durante el asueto de carnaval y Ferias del Sol<\/p>\n","protected":false},"author":4,"featured_media":56399,"comment_status":"closed","ping_status":"closed","sticky":false,"template":"","format":"standard","meta":{"footnotes":""},"categories":[2],"tags":[],"class_list":["post-56398","post","type-post","status-publish","format-standard","has-post-thumbnail","hentry","category-blog"],"_links":{"self":[{"href":"https:\/\/inces.gob.ve\/index.php\/wp-json\/wp\/v2\/posts\/56398","targetHints":{"allow":["GET"]}}],"collection":[{"href":"https:\/\/inces.gob.ve\/index.php\/wp-json\/wp\/v2\/posts"}],"about":[{"href":"https:\/\/inces.gob.ve\/index.php\/wp-json\/wp\/v2\/types\/post"}],"author":[{"embeddable":true,"href":"https:\/\/inces.gob.ve\/index.php\/wp-json\/wp\/v2\/users\/4"}],"replies":[{"embeddable":true,"href":"https:\/\/inces.gob.ve\/index.php\/wp-json\/wp\/v2\/comments?post=56398"}],"version-history":[{"count":1,"href":"https:\/\/inces.gob.ve\/index.php\/wp-json\/wp\/v2\/posts\/56398\/revisions"}],"predecessor-version":[{"id":56400,"href":"https:\/\/inces.gob.ve\/index.php\/wp-json\/wp\/v2\/posts\/56398\/revisions\/56400"}],"wp:featuredmedia":[{"embeddable":true,"href":"https:\/\/inces.gob.ve\/index.php\/wp-json\/wp\/v2\/media\/56399"}],"wp:attachment":[{"href":"https:\/\/inces.gob.ve\/index.php\/wp-json\/wp\/v2\/media?parent=56398"}],"wp:term":[{"taxonomy":"category","embeddable":true,"href":"https:\/\/inces.gob.ve\/index.php\/wp-json\/wp\/v2\/categories?post=56398"},{"taxonomy":"post_tag","embeddable":true,"href":"https:\/\/inces.gob.ve\/index.php\/wp-json\/wp\/v2\/tags?post=56398"}],"curies":[{"name":"wp","href":"https:\/\/api.w.org\/{rel}","templated":true}]}}