{"id":56401,"date":"2024-01-26T16:08:06","date_gmt":"2024-01-26T20:08:06","guid":{"rendered":"https:\/\/inces.gob.ve\/?p=56401"},"modified":"2024-01-29T16:09:04","modified_gmt":"2024-01-29T20:09:04","slug":"bolivar-inces-continua-con-la-capacitacion-de-promotoras-de-salud-comunitaria-de-parto-humanizado","status":"publish","type":"post","link":"https:\/\/inces.gob.ve\/index.php\/2024\/01\/26\/bolivar-inces-continua-con-la-capacitacion-de-promotoras-de-salud-comunitaria-de-parto-humanizado\/","title":{"rendered":"BOL\u00cdVAR | Inces contin\u00faa con la capacitaci\u00f3n de Promotoras de Salud Comunitaria de Parto Humanizado"},"content":{"rendered":"<p style=\"text-align: justify;\"><em><strong><span style=\"font-family: helvetica, arial, sans-serif; font-size: 14pt;\">**Comenzamos el a\u00f1o 2024 con metas y logros significativos y en el Inces Bol\u00edvar continuamos con la capacitaci\u00f3n de los Promotores y Promotoras de la Salud Comunitaria de Parto Humanizado<\/span><\/strong><\/em><\/p>\n<p><em><span style=\"font-weight: 400; font-family: helvetica, arial, sans-serif; font-size: 14pt;\">** Un hermoso proyecto orientado por el presidente Nicol\u00e1s Maduro y el alcalde del Municipio Caron\u00ed, Tito Oviedo, por una Ciudad Guayana para vivir.<\/span><\/em><\/p>\n<p style=\"text-align: justify;\"><!--more--><\/p>\n<p>&nbsp;<\/p>\n<p>&nbsp;<\/p>\n<p style=\"text-align: justify;\"><span style=\"font-family: helvetica, arial, sans-serif; font-size: 14pt;\"><b>JOS\u00c9 SU\u00c1REZ<\/b><\/span><\/p>\n<p style=\"text-align: justify;\"><span style=\"font-weight: 400; font-family: helvetica, arial, sans-serif; font-size: 14pt;\">Un total de 84 mujeres y cinco hombres se capacitan en el perfil Promotor (a) de Salud Comunitaria: Parto Humanizado. Los Participantes reciben diversos m\u00f3dulos formativos: Redacci\u00f3n de informes t\u00e9cnicos, Comunicaci\u00f3n Oral y Escrita, Habilidades Socioemocionales, Vida de la Mujer, Trabajo Comunitario, \u00c9tica para la Vida, Salud Comunitaria, An\u00e1lisis de Situaci\u00f3n de Salud y Planificaci\u00f3n familiar, Primeros Auxilios y Crianza Respetuosa.<\/span><\/p>\n<p>&nbsp;<\/p>\n<p style=\"text-align: justify;\"><span style=\"font-weight: 400; font-family: helvetica, arial, sans-serif; font-size: 14pt;\">Un proyecto que se ha convertido en un movimiento para la vida y la dignidad; de mujeres que cumplen la hermosa tarea de velar por la seguridad y la salud de las madres, as\u00ed como de sus hijas e hijos en su etapa de mayor vulnerabilidad.<\/span><\/p>\n<p>&nbsp;<\/p>\n<p style=\"text-align: justify;\"><span style=\"font-weight: 400; font-family: helvetica, arial, sans-serif; font-size: 14pt;\">Por su lado, la jefa del Programa de Salud del Inces Bol\u00edvar, Alida Quiroz detall\u00f3 que en la actualidad el movimiento de Parto Humanizado comenz\u00f3 a incluir al hombre en la paternidad responsable, con el sentido de involucrarlo al proceso formativo y la integraci\u00f3n en la familia.<\/span><\/p>\n<p>&nbsp;<\/p>\n<p style=\"text-align: justify;\"><span style=\"font-weight: 400; font-family: helvetica, arial, sans-serif; font-size: 14pt;\">Quiroz enfatiz\u00f3 que el liderazgo de las mujeres de Parto Humanizado, ha sido gracia a su atenci\u00f3n de calidad humana en los lugares vulnerables de pobreza extrema.<\/span><\/p>\n<p>&nbsp;<\/p>\n<p style=\"text-align: justify;\"><span style=\"font-family: helvetica, arial, sans-serif; font-size: 14pt;\"><b>Bachillerato Productivo<\/b><\/span><\/p>\n<p style=\"text-align: justify;\"><span style=\"font-weight: 400; font-family: helvetica, arial, sans-serif; font-size: 14pt;\">La jefa del Programa de Salud del Inces Bol\u00edvar, Alida Quiroz, en sinergia con el equipo del liceo del Inces Bol\u00edvar se gener\u00f3 la caracterizaci\u00f3n de las mujeres de Parto Humanizado para la prosecuci\u00f3n del Bachillerato Productivo y la vinculaci\u00f3n en sus carreras universitarias.<\/span><\/p>\n<p style=\"text-align: justify;\">\n","protected":false},"excerpt":{"rendered":"<p>**Comenzamos el a\u00f1o 2024 con metas y logros significativos y en el Inces Bol\u00edvar continuamos con la capacitaci\u00f3n de los Promotores y Promotoras de la Salud Comunitaria de Parto Humanizado ** Un hermoso proyecto orientado por el presidente Nicol\u00e1s Maduro y el alcalde del Municipio Caron\u00ed, Tito Oviedo, por una Ciudad Guayana para vivir.<\/p>\n","protected":false},"author":4,"featured_media":56403,"comment_status":"closed","ping_status":"closed","sticky":false,"template":"","format":"standard","meta":{"footnotes":""},"categories":[2],"tags":[],"class_list":["post-56401","post","type-post","status-publish","format-standard","has-post-thumbnail","hentry","category-blog"],"_links":{"self":[{"href":"https:\/\/inces.gob.ve\/index.php\/wp-json\/wp\/v2\/posts\/56401","targetHints":{"allow":["GET"]}}],"collection":[{"href":"https:\/\/inces.gob.ve\/index.php\/wp-json\/wp\/v2\/posts"}],"about":[{"href":"https:\/\/inces.gob.ve\/index.php\/wp-json\/wp\/v2\/types\/post"}],"author":[{"embeddable":true,"href":"https:\/\/inces.gob.ve\/index.php\/wp-json\/wp\/v2\/users\/4"}],"replies":[{"embeddable":true,"href":"https:\/\/inces.gob.ve\/index.php\/wp-json\/wp\/v2\/comments?post=56401"}],"version-history":[{"count":2,"href":"https:\/\/inces.gob.ve\/index.php\/wp-json\/wp\/v2\/posts\/56401\/revisions"}],"predecessor-version":[{"id":56404,"href":"https:\/\/inces.gob.ve\/index.php\/wp-json\/wp\/v2\/posts\/56401\/revisions\/56404"}],"wp:featuredmedia":[{"embeddable":true,"href":"https:\/\/inces.gob.ve\/index.php\/wp-json\/wp\/v2\/media\/56403"}],"wp:attachment":[{"href":"https:\/\/inces.gob.ve\/index.php\/wp-json\/wp\/v2\/media?parent=56401"}],"wp:term":[{"taxonomy":"category","embeddable":true,"href":"https:\/\/inces.gob.ve\/index.php\/wp-json\/wp\/v2\/categories?post=56401"},{"taxonomy":"post_tag","embeddable":true,"href":"https:\/\/inces.gob.ve\/index.php\/wp-json\/wp\/v2\/tags?post=56401"}],"curies":[{"name":"wp","href":"https:\/\/api.w.org\/{rel}","templated":true}]}}