{"id":56484,"date":"2024-02-05T11:49:21","date_gmt":"2024-02-05T15:49:21","guid":{"rendered":"https:\/\/inces.gob.ve\/?p=56484"},"modified":"2024-02-05T11:49:54","modified_gmt":"2024-02-05T15:49:54","slug":"tachira-inces-superviso-el-taller-de-educacion-laboral-en-san-cristobal-para-impulsar-la-inclusion-y-formacion-tecnica-profesional","status":"publish","type":"post","link":"https:\/\/inces.gob.ve\/index.php\/2024\/02\/05\/tachira-inces-superviso-el-taller-de-educacion-laboral-en-san-cristobal-para-impulsar-la-inclusion-y-formacion-tecnica-profesional\/","title":{"rendered":"T\u00c1CHIRA |\u00a0 Inces supervis\u00f3 el taller de educaci\u00f3n laboral en San Crist\u00f3bal para impulsar la inclusi\u00f3n y formaci\u00f3n t\u00e9cnica profesional"},"content":{"rendered":"<p style=\"text-align: justify;\"><em><strong><span style=\"font-family: helvetica, arial, sans-serif; font-size: 14pt;\">** Las alianzas establecidas con la gobernaci\u00f3n del estado han sido claves<\/span><\/strong><\/em><!--more--><\/p>\n<p style=\"text-align: justify;\"><span style=\"font-family: helvetica, arial, sans-serif; font-size: 14pt;\">Como parte del Plan Semillas F\u00e9rtiles del Programa Nacional de Aprendizaje del Inces, se llev\u00f3 a cabo una supervisi\u00f3n al taller de educaci\u00f3n laboral en San Crist\u00f3bal, donde un total de 40 j\u00f3venes con necesidades educativas especiales, incluyendo aquellos con diagn\u00f3stico cognitivo, disfasia, s\u00edndrome de Down y trastorno del espectro autista, han sido beneficiados en esta primera etapa de formaci\u00f3n integral.<\/span><\/p>\n<p>&nbsp;<\/p>\n<p><img loading=\"lazy\" decoding=\"async\" class=\"aligncenter wp-image-56487 size-full\" src=\"https:\/\/inces.gob.ve\/wp-content\/uploads\/2024\/02\/WhatsApp-Image-2024-01-31-at-9.24.58-PM.jpeg\" alt=\"\" width=\"932\" height=\"536\" srcset=\"https:\/\/inces.gob.ve\/wp-content\/uploads\/2024\/02\/WhatsApp-Image-2024-01-31-at-9.24.58-PM.jpeg 932w, https:\/\/inces.gob.ve\/wp-content\/uploads\/2024\/02\/WhatsApp-Image-2024-01-31-at-9.24.58-PM-300x173.jpeg 300w, https:\/\/inces.gob.ve\/wp-content\/uploads\/2024\/02\/WhatsApp-Image-2024-01-31-at-9.24.58-PM-768x442.jpeg 768w\" sizes=\"auto, (max-width: 932px) 100vw, 932px\" \/><\/p>\n<p>&nbsp;<\/p>\n<p style=\"text-align: justify;\"><span style=\"font-family: helvetica, arial, sans-serif; font-size: 14pt;\">El convenio entre el Inces, el Centro de Desarrollo de la Calidad Educativa y la Gobernaci\u00f3n del estado T\u00e1chira ha permitido a los participantes avanzar en su desarrollo durante los \u00faltimos tres meses, logrando un significativo avance en su formaci\u00f3n.<\/span><\/p>\n<p>&nbsp;<\/p>\n<p style=\"text-align: justify;\"><span style=\"font-family: helvetica, arial, sans-serif; font-size: 14pt;\">Un elemento clave en este proceso ha sido la articulaci\u00f3n con los familiares de los j\u00f3venes, quienes han desempe\u00f1ado un papel fundamental en el desarrollo de sus habilidades. A trav\u00e9s de la pr\u00e1ctica y el aprender haciendo, los participantes han adquirido las destrezas necesarias para desempe\u00f1arse en \u00e1reas como la producci\u00f3n agr\u00edcola, la producci\u00f3n agropecuaria, la panader\u00eda y la reposter\u00eda. Adem\u00e1s, se espera que, en conjunto con sus familias, puedan crear emprendimientos que brinden sustentabilidad a sus hogares.<\/span><\/p>\n<p>&nbsp;<\/p>\n<p style=\"text-align: justify;\"><span style=\"font-family: helvetica, arial, sans-serif; font-size: 14pt;\">Estos logros son posibles gracias a las pol\u00edticas inclusivas del presidente Nicol\u00e1s Maduro, el gobernador Freddy Bernal y el presidente del Inces, Wuikelman Angel Paredes.\u00a0<\/span><\/p>\n","protected":false},"excerpt":{"rendered":"<p>** Las alianzas establecidas con la gobernaci\u00f3n del estado han sido claves<\/p>\n","protected":false},"author":4,"featured_media":56486,"comment_status":"closed","ping_status":"closed","sticky":false,"template":"","format":"standard","meta":{"footnotes":""},"categories":[2],"tags":[],"class_list":["post-56484","post","type-post","status-publish","format-standard","has-post-thumbnail","hentry","category-blog"],"_links":{"self":[{"href":"https:\/\/inces.gob.ve\/index.php\/wp-json\/wp\/v2\/posts\/56484","targetHints":{"allow":["GET"]}}],"collection":[{"href":"https:\/\/inces.gob.ve\/index.php\/wp-json\/wp\/v2\/posts"}],"about":[{"href":"https:\/\/inces.gob.ve\/index.php\/wp-json\/wp\/v2\/types\/post"}],"author":[{"embeddable":true,"href":"https:\/\/inces.gob.ve\/index.php\/wp-json\/wp\/v2\/users\/4"}],"replies":[{"embeddable":true,"href":"https:\/\/inces.gob.ve\/index.php\/wp-json\/wp\/v2\/comments?post=56484"}],"version-history":[{"count":2,"href":"https:\/\/inces.gob.ve\/index.php\/wp-json\/wp\/v2\/posts\/56484\/revisions"}],"predecessor-version":[{"id":56489,"href":"https:\/\/inces.gob.ve\/index.php\/wp-json\/wp\/v2\/posts\/56484\/revisions\/56489"}],"wp:featuredmedia":[{"embeddable":true,"href":"https:\/\/inces.gob.ve\/index.php\/wp-json\/wp\/v2\/media\/56486"}],"wp:attachment":[{"href":"https:\/\/inces.gob.ve\/index.php\/wp-json\/wp\/v2\/media?parent=56484"}],"wp:term":[{"taxonomy":"category","embeddable":true,"href":"https:\/\/inces.gob.ve\/index.php\/wp-json\/wp\/v2\/categories?post=56484"},{"taxonomy":"post_tag","embeddable":true,"href":"https:\/\/inces.gob.ve\/index.php\/wp-json\/wp\/v2\/tags?post=56484"}],"curies":[{"name":"wp","href":"https:\/\/api.w.org\/{rel}","templated":true}]}}