{"id":56525,"date":"2024-02-06T07:06:51","date_gmt":"2024-02-06T11:06:51","guid":{"rendered":"https:\/\/inces.gob.ve\/?p=56525"},"modified":"2024-02-07T14:10:58","modified_gmt":"2024-02-07T18:10:58","slug":"aragua-inces-realizo-jornadas-de-renovacion-de-fe-de-vida","status":"publish","type":"post","link":"https:\/\/inces.gob.ve\/index.php\/2024\/02\/06\/aragua-inces-realizo-jornadas-de-renovacion-de-fe-de-vida\/","title":{"rendered":"ARAGUA |\u00a0 Inces realiz\u00f3 jornadas de renovaci\u00f3n de Fe de Vida"},"content":{"rendered":"<p style=\"text-align: justify;\"><em><strong><span style=\"font-family: helvetica, arial, sans-serif; font-size: 14pt;\">** Desde el inicio del mes de enero el equipo de Talento Humano trabaja con esmero y se tiene previsto que culminen en el mes de marzo<\/span><\/strong><\/em><!--more--><\/p>\n<p>&nbsp;<\/p>\n<p style=\"text-align: justify;\"><strong><span style=\"font-family: helvetica, arial, sans-serif; font-size: 14pt;\">NINOSKA PATRIZ<\/span><\/strong><\/p>\n<p style=\"text-align: justify;\"><span style=\"font-family: helvetica, arial, sans-serif; font-size: 14pt;\">El Instituto Nacional de Capacitaci\u00f3n y Educaci\u00f3n Socialista (Inces) Aragua, de la mano del equipo del Departamento de Talento Humano, se enfoc\u00f3 en el desarrollo de la respectiva y eficiente jornada para el proceso de Renovaci\u00f3n de Fe de Vida.<\/span><\/p>\n<p>&nbsp;<\/p>\n<p style=\"text-align: justify;\"><span style=\"font-family: helvetica, arial, sans-serif; font-size: 14pt;\">Esta jornada corresponde al periodo 2024 para los jubilados, jubiladas, pensionados, pensionadas y sobrevivientes, en cumplimiento con lo dispuesto en el art\u00edculo 37 del Reglamento de la Ley del Estatuto Sobre el R\u00e9gimen de Jubilaciones y Pensiones de los Funcionarios de la Administraci\u00f3n Publica.<\/span><\/p>\n<p>&nbsp;<\/p>\n<p style=\"text-align: justify;\"><span style=\"font-family: helvetica, arial, sans-serif; font-size: 14pt;\">En este aspecto se invit\u00f3 a los beneficiarios jubilados, pensionados y sobrevivientes a asistir como principal requisito, el cual da curso al pago correspondiente.<\/span><\/p>\n<p>&nbsp;<\/p>\n<p style=\"text-align: justify;\"><span style=\"font-family: helvetica, arial, sans-serif; font-size: 14pt;\">El personal de Talento Humano tambi\u00e9n presta con agrado este servicio, reconociendo el valor al tiempo, dedicaci\u00f3n y desempe\u00f1o realizado por cada jubilado, jubilada, pensionado, pensionada y sobrevivientes para la instituci\u00f3n.<\/span><\/p>\n","protected":false},"excerpt":{"rendered":"<p>** Desde el inicio del mes de enero el equipo de Talento Humano trabaja con esmero y se tiene previsto que culminen en el mes de marzo<\/p>\n","protected":false},"author":4,"featured_media":55103,"comment_status":"closed","ping_status":"closed","sticky":false,"template":"","format":"standard","meta":{"footnotes":""},"categories":[2],"tags":[],"class_list":["post-56525","post","type-post","status-publish","format-standard","has-post-thumbnail","hentry","category-blog"],"_links":{"self":[{"href":"https:\/\/inces.gob.ve\/index.php\/wp-json\/wp\/v2\/posts\/56525","targetHints":{"allow":["GET"]}}],"collection":[{"href":"https:\/\/inces.gob.ve\/index.php\/wp-json\/wp\/v2\/posts"}],"about":[{"href":"https:\/\/inces.gob.ve\/index.php\/wp-json\/wp\/v2\/types\/post"}],"author":[{"embeddable":true,"href":"https:\/\/inces.gob.ve\/index.php\/wp-json\/wp\/v2\/users\/4"}],"replies":[{"embeddable":true,"href":"https:\/\/inces.gob.ve\/index.php\/wp-json\/wp\/v2\/comments?post=56525"}],"version-history":[{"count":2,"href":"https:\/\/inces.gob.ve\/index.php\/wp-json\/wp\/v2\/posts\/56525\/revisions"}],"predecessor-version":[{"id":56527,"href":"https:\/\/inces.gob.ve\/index.php\/wp-json\/wp\/v2\/posts\/56525\/revisions\/56527"}],"wp:featuredmedia":[{"embeddable":true,"href":"https:\/\/inces.gob.ve\/index.php\/wp-json\/wp\/v2\/media\/55103"}],"wp:attachment":[{"href":"https:\/\/inces.gob.ve\/index.php\/wp-json\/wp\/v2\/media?parent=56525"}],"wp:term":[{"taxonomy":"category","embeddable":true,"href":"https:\/\/inces.gob.ve\/index.php\/wp-json\/wp\/v2\/categories?post=56525"},{"taxonomy":"post_tag","embeddable":true,"href":"https:\/\/inces.gob.ve\/index.php\/wp-json\/wp\/v2\/tags?post=56525"}],"curies":[{"name":"wp","href":"https:\/\/api.w.org\/{rel}","templated":true}]}}