{"id":56566,"date":"2024-02-14T09:49:09","date_gmt":"2024-02-14T13:49:09","guid":{"rendered":"https:\/\/inces.gob.ve\/?p=56566"},"modified":"2024-02-14T09:49:09","modified_gmt":"2024-02-14T13:49:09","slug":"caracas-aprendices-de-distintas-instancias-organizativas-y-trabajadores-inces-reciben-formacion-en-oratoria","status":"publish","type":"post","link":"https:\/\/inces.gob.ve\/index.php\/2024\/02\/14\/caracas-aprendices-de-distintas-instancias-organizativas-y-trabajadores-inces-reciben-formacion-en-oratoria\/","title":{"rendered":"CARACAS | Aprendices de distintas instancias organizativas y trabajadores Inces reciben formaci\u00f3n en oratoria"},"content":{"rendered":"<div dir=\"auto\"><span style=\"font-size: 14pt; font-family: helvetica, arial, sans-serif;\">\u00a0<\/span><em><strong><span style=\"font-size: 14pt; font-family: helvetica, arial, sans-serif;\">** La demanda por nuevas habilidades crecer\u00e1 y se requerir\u00e1n programas para reconvertir, recalificar y reinsertar trabajadores<\/span><\/strong><\/em><\/div>\n<p><!--more--><\/p>\n<div dir=\"auto\"><\/div>\n<div dir=\"auto\"><\/div>\n<div dir=\"auto\"><span style=\"font-size: 14pt; font-family: helvetica, arial, sans-serif;\">Desde los espacios del Centro de Formaci\u00f3n Socialista (CFS) Metalmec\u00e1nico ubicado en la Zona E, del 23 de Enero tuvo \u00e9xito la formaci\u00f3n Oratoria, llevada a cabo por el licenciado en Relaciones P\u00fablicas Berny Gallegos.\u00a0<\/span><\/div>\n<div dir=\"auto\"><\/div>\n<div dir=\"auto\"><\/div>\n<div dir=\"auto\"><span style=\"font-size: 14pt; font-family: helvetica, arial, sans-serif;\">Contando con la asistencia de cuarenta participantes, entre aprendices de las distintas instancias organizativas, maestros t\u00e9cnicos productivos, maestros t\u00e9cnicos voluntarios y personal adscrito a la Gerencia Regional del Inces Caracas.\u00a0<\/span><\/div>\n<div dir=\"auto\"><\/div>\n<div dir=\"auto\"><\/div>\n<div dir=\"auto\"><span style=\"font-size: 14pt; font-family: helvetica, arial, sans-serif;\">T\u00e9cnicas b\u00e1sicas de la oratoria, historia de la Oratoria, como elaborar un discurso entre otros puntos, fueron los objetivos del programa impartido por este facilitador.\u00a0<\/span><\/div>\n<div dir=\"auto\"><\/div>\n<div dir=\"auto\"><\/div>\n<div dir=\"auto\"><span style=\"font-size: 14pt; font-family: helvetica, arial, sans-serif;\">\u00abNosotros y ustedes, sabemos diferenciar todas las opiniones, mantener nuestra postura y saber reconocer nuestras fortalezas y debilidades. La oratoria no es solo hablar o llevar un evento, crear un discurso. La oratoria va m\u00e1s all\u00e1 de eso\u00bb, expreso Berny Gallegos facilitador de esta formaci\u00f3n.<\/span><\/div>\n","protected":false},"excerpt":{"rendered":"<p>\u00a0** La demanda por nuevas habilidades crecer\u00e1 y se requerir\u00e1n programas para reconvertir, recalificar y reinsertar trabajadores<\/p>\n","protected":false},"author":4,"featured_media":54069,"comment_status":"closed","ping_status":"closed","sticky":false,"template":"","format":"standard","meta":{"footnotes":""},"categories":[2],"tags":[],"class_list":["post-56566","post","type-post","status-publish","format-standard","has-post-thumbnail","hentry","category-blog"],"_links":{"self":[{"href":"https:\/\/inces.gob.ve\/index.php\/wp-json\/wp\/v2\/posts\/56566","targetHints":{"allow":["GET"]}}],"collection":[{"href":"https:\/\/inces.gob.ve\/index.php\/wp-json\/wp\/v2\/posts"}],"about":[{"href":"https:\/\/inces.gob.ve\/index.php\/wp-json\/wp\/v2\/types\/post"}],"author":[{"embeddable":true,"href":"https:\/\/inces.gob.ve\/index.php\/wp-json\/wp\/v2\/users\/4"}],"replies":[{"embeddable":true,"href":"https:\/\/inces.gob.ve\/index.php\/wp-json\/wp\/v2\/comments?post=56566"}],"version-history":[{"count":1,"href":"https:\/\/inces.gob.ve\/index.php\/wp-json\/wp\/v2\/posts\/56566\/revisions"}],"predecessor-version":[{"id":56567,"href":"https:\/\/inces.gob.ve\/index.php\/wp-json\/wp\/v2\/posts\/56566\/revisions\/56567"}],"wp:featuredmedia":[{"embeddable":true,"href":"https:\/\/inces.gob.ve\/index.php\/wp-json\/wp\/v2\/media\/54069"}],"wp:attachment":[{"href":"https:\/\/inces.gob.ve\/index.php\/wp-json\/wp\/v2\/media?parent=56566"}],"wp:term":[{"taxonomy":"category","embeddable":true,"href":"https:\/\/inces.gob.ve\/index.php\/wp-json\/wp\/v2\/categories?post=56566"},{"taxonomy":"post_tag","embeddable":true,"href":"https:\/\/inces.gob.ve\/index.php\/wp-json\/wp\/v2\/tags?post=56566"}],"curies":[{"name":"wp","href":"https:\/\/api.w.org\/{rel}","templated":true}]}}