{"id":56568,"date":"2024-02-14T09:51:42","date_gmt":"2024-02-14T13:51:42","guid":{"rendered":"https:\/\/inces.gob.ve\/?p=56568"},"modified":"2024-02-14T09:51:42","modified_gmt":"2024-02-14T13:51:42","slug":"yaracuy-inces-entrega-certificados-a-privadas-de-libertad-del-ccp-guama","status":"publish","type":"post","link":"https:\/\/inces.gob.ve\/index.php\/2024\/02\/14\/yaracuy-inces-entrega-certificados-a-privadas-de-libertad-del-ccp-guama\/","title":{"rendered":"YARACUY | Inces entrega certificados a privadas de libertad del CCP Guama"},"content":{"rendered":"<p style=\"font-weight: 400;\"><strong><em><span style=\"font-family: helvetica, arial, sans-serif; font-size: 14pt;\">***\u00a0A trav\u00e9s de la formaci\u00f3n se logra la transformaci\u00f3n individual y social de la mujer nueva<\/span><\/em><\/strong><!--more--><\/p>\n<p>&nbsp;<\/p>\n<p style=\"font-weight: 400;\"><span style=\"font-family: helvetica, arial, sans-serif; font-size: 14pt;\"><b>YOLAICE VARGAS<\/b><\/span><\/p>\n<p style=\"font-weight: 400;\"><span style=\"font-weight: 400; font-family: helvetica, arial, sans-serif; font-size: 14pt;\">En un significativo acto en las instalaciones del Centro de Coordinaci\u00f3n Policial (CCP) de Guama, municipio Sucre, el Instituto Nacional de Capacitaci\u00f3n y Educaci\u00f3n Socialista (Inces), realiz\u00f3 entrega de certificados a mujeres privadas de libertad, quienes se encuentran recluidas en el centro de resguardo y recibieron formaci\u00f3n en tres unidades curriculares: Desarrollo Humano, Higiene y Manipulaci\u00f3n de Alimentos y Elaboraci\u00f3n de Pasapalos.<\/span><\/p>\n<p>&nbsp;<\/p>\n<p style=\"font-weight: 400;\"><span style=\"font-family: helvetica, arial, sans-serif; font-size: 14pt;\">En la actividad estuvieron presentes el gerente del ente formativo, Dalvi Torrealba; la directora regional del Ministerio del Poder Popular para la Mujer e Igualdad de G\u00e9nero (MInmujer), Mar\u00eda Montero; la directora del Centro de Desarrollo para la Calidad Educativa (CDCEY), Lenyis Mart\u00ednez; la secretaria de Educaci\u00f3n, Cultura, Deporte y Juventud, Lorenz Dur\u00e1n, el coordinador de la Secci\u00f3n Penal de Responsabilidad del Adolescente y del Equipo Interdisciplinario de Justicia de G\u00e9nero del Circuito Judicial Penal de Yaracuy, Darwin Camargo y el jefe del CCP Guama, Rainer S\u00e1nchez.<\/span><\/p>\n<p>&nbsp;<\/p>\n<p style=\"font-weight: 400;\"><span style=\"font-family: helvetica, arial, sans-serif; font-size: 14pt;\">El titular del Inces, expres\u00f3 palabras de aliento y de esperanzas a las f\u00e9minas quienes recibieron los certificados, \u00abEs orgullo verlas form\u00e1ndose para lograr la transformaci\u00f3n personal y social una vez tenga la libertad plena y puedan emprender o incorporarse al mundo del trabajo\u00bb<\/span><\/p>\n<p>&nbsp;<\/p>\n<p style=\"font-weight: 400;\"><span style=\"font-family: helvetica, arial, sans-serif; font-size: 14pt;\">Por su parte la directora regional del Minmujer, Mar\u00eda Montero, se refiri\u00f3 a las mujeres en total 22, que desde el ministerio cuentan con el apoyo para cada una de las actividades que realizan desde los espacios del CCP Guama, adem\u00e1s que invit\u00f3 a seguir construyendo esa nueva mujer dejando atr\u00e1s las adversidades\u00bb<\/span><\/p>\n<p>&nbsp;<\/p>\n<p style=\"font-weight: 400;\"><span style=\"font-family: helvetica, arial, sans-serif; font-size: 14pt;\">Asimismo, la directora del CDCEY, Lenyis Mart\u00ednez, les exhort\u00f3 a trabajar en la prosecuci\u00f3n de los estudios no solo a nivel de primaria y b\u00e1sica, sino a nivel superior, destac\u00f3 que no importa lo que haya pasado, siempre hay una oportunidad para avanzar y seguir creciendo.<\/span><\/p>\n<p>&nbsp;<\/p>\n<p style=\"font-weight: 400;\"><span style=\"font-family: helvetica, arial, sans-serif; font-size: 14pt;\">Entre tanto la vocera del gobierno regional, Lorenz Dur\u00e1n, manifest\u00f3 que cada d\u00eda es una oportunidad de crecer de avanzar, de innovar y transformar, y que los espacios en d\u00f3nde se encuentran en la actualidad no ha sido una limitante para ello.<\/span><\/p>\n<p>&nbsp;<\/p>\n<p style=\"font-weight: 400;\"><span style=\"font-family: helvetica, arial, sans-serif; font-size: 14pt;\">Para finalizar el jefe del CCP Guama, Rainer S\u00e1nchez expres\u00f3 palabras de agradecimiento a las instituciones involucradas en el proceso formativo de las internas del recinto, de igual manera se\u00f1al\u00f3 que las mujeres contin\u00faan procesos formativos a trav\u00e9s del Inces, pero adem\u00e1s realizan otras actividades formativas, deportivas y recreativas.<\/span><\/p>\n","protected":false},"excerpt":{"rendered":"<p>***\u00a0A trav\u00e9s de la formaci\u00f3n se logra la transformaci\u00f3n individual y social de la mujer nueva<\/p>\n","protected":false},"author":4,"featured_media":56569,"comment_status":"closed","ping_status":"closed","sticky":false,"template":"","format":"standard","meta":{"footnotes":""},"categories":[2],"tags":[],"class_list":["post-56568","post","type-post","status-publish","format-standard","has-post-thumbnail","hentry","category-blog"],"_links":{"self":[{"href":"https:\/\/inces.gob.ve\/index.php\/wp-json\/wp\/v2\/posts\/56568","targetHints":{"allow":["GET"]}}],"collection":[{"href":"https:\/\/inces.gob.ve\/index.php\/wp-json\/wp\/v2\/posts"}],"about":[{"href":"https:\/\/inces.gob.ve\/index.php\/wp-json\/wp\/v2\/types\/post"}],"author":[{"embeddable":true,"href":"https:\/\/inces.gob.ve\/index.php\/wp-json\/wp\/v2\/users\/4"}],"replies":[{"embeddable":true,"href":"https:\/\/inces.gob.ve\/index.php\/wp-json\/wp\/v2\/comments?post=56568"}],"version-history":[{"count":1,"href":"https:\/\/inces.gob.ve\/index.php\/wp-json\/wp\/v2\/posts\/56568\/revisions"}],"predecessor-version":[{"id":56570,"href":"https:\/\/inces.gob.ve\/index.php\/wp-json\/wp\/v2\/posts\/56568\/revisions\/56570"}],"wp:featuredmedia":[{"embeddable":true,"href":"https:\/\/inces.gob.ve\/index.php\/wp-json\/wp\/v2\/media\/56569"}],"wp:attachment":[{"href":"https:\/\/inces.gob.ve\/index.php\/wp-json\/wp\/v2\/media?parent=56568"}],"wp:term":[{"taxonomy":"category","embeddable":true,"href":"https:\/\/inces.gob.ve\/index.php\/wp-json\/wp\/v2\/categories?post=56568"},{"taxonomy":"post_tag","embeddable":true,"href":"https:\/\/inces.gob.ve\/index.php\/wp-json\/wp\/v2\/tags?post=56568"}],"curies":[{"name":"wp","href":"https:\/\/api.w.org\/{rel}","templated":true}]}}