{"id":56577,"date":"2024-02-15T09:20:23","date_gmt":"2024-02-15T13:20:23","guid":{"rendered":"https:\/\/inces.gob.ve\/?p=56577"},"modified":"2024-02-15T09:20:23","modified_gmt":"2024-02-15T13:20:23","slug":"apure-avanza-la-formacion-de-panaderia-artesanal-en-la-parroquia-san-juan-de-payara","status":"publish","type":"post","link":"https:\/\/inces.gob.ve\/index.php\/2024\/02\/15\/apure-avanza-la-formacion-de-panaderia-artesanal-en-la-parroquia-san-juan-de-payara\/","title":{"rendered":"APURE | Avanza la formaci\u00f3n de panader\u00eda artesanal en la parroquia San Juan de Payara"},"content":{"rendered":"<p style=\"text-align: justify;\"><em><strong><span style=\"font-family: helvetica, arial, sans-serif; font-size: 14pt;\">** Cada semana las participantes elaboran diferentes rubros derivados de la harina de trigo<\/span><\/strong><\/em><!--more--><\/p>\n<p>&nbsp;<\/p>\n<p style=\"text-align: justify;\"><span style=\"font-family: helvetica, arial, sans-serif; font-size: 14pt;\">Durante la prosecuci\u00f3n de la formaci\u00f3n y siguiendo instrucciones del maestro panadero Alexis P\u00e9rez se han elaborado panes a base de masa dulce, entre ellos pan bomb\u00f3n, aplicando la t\u00e9cnica de barnizado, con claras de huevo y az\u00facar.<\/span><\/p>\n<p>&nbsp;<\/p>\n<p style=\"text-align: justify;\"><span style=\"font-family: helvetica, arial, sans-serif; font-size: 14pt;\">Adem\u00e1s del pan bomb\u00f3n o pi\u00f1ita, que se denota por el corte que se le realiza en la parte superior, y por \u00faltimo el pan clineja. Cabe se\u00f1alar que estos productos son elaborados con todas las condiciones id\u00f3neas de higiene y para la realizaci\u00f3n y manipulaci\u00f3n de los alimentos.<\/span><\/p>\n<p>&nbsp;<\/p>\n<p style=\"text-align: justify;\"><span style=\"font-family: helvetica, arial, sans-serif; font-size: 14pt;\">A trav\u00e9s de esta formaci\u00f3n, los habitantes de la parroquia San Juan de Payara tienen la oportunidad de adquirir competencias en el \u00e1rea de la panader\u00eda, lo cual puede abrirles puertas en el \u00e1mbito laboral y emprendedor.<\/span><\/p>\n<p>&nbsp;<\/p>\n<p style=\"text-align: justify;\"><span style=\"font-family: helvetica, arial, sans-serif; font-size: 14pt;\">La casa formativa mantiene el compromiso en brindar formaci\u00f3n de calidad a los habitantes de los siete municipios del estado por medio de estas iniciativas, promoviendo el desarrollo personal y profesional de los participantes y contribuyendo al crecimiento y fortalecimiento de la naci\u00f3n.<\/span><\/p>\n","protected":false},"excerpt":{"rendered":"<p>** Cada semana las participantes elaboran diferentes rubros derivados de la harina de trigo<\/p>\n","protected":false},"author":4,"featured_media":56578,"comment_status":"closed","ping_status":"closed","sticky":false,"template":"","format":"standard","meta":{"footnotes":""},"categories":[2],"tags":[],"class_list":["post-56577","post","type-post","status-publish","format-standard","has-post-thumbnail","hentry","category-blog"],"_links":{"self":[{"href":"https:\/\/inces.gob.ve\/index.php\/wp-json\/wp\/v2\/posts\/56577","targetHints":{"allow":["GET"]}}],"collection":[{"href":"https:\/\/inces.gob.ve\/index.php\/wp-json\/wp\/v2\/posts"}],"about":[{"href":"https:\/\/inces.gob.ve\/index.php\/wp-json\/wp\/v2\/types\/post"}],"author":[{"embeddable":true,"href":"https:\/\/inces.gob.ve\/index.php\/wp-json\/wp\/v2\/users\/4"}],"replies":[{"embeddable":true,"href":"https:\/\/inces.gob.ve\/index.php\/wp-json\/wp\/v2\/comments?post=56577"}],"version-history":[{"count":1,"href":"https:\/\/inces.gob.ve\/index.php\/wp-json\/wp\/v2\/posts\/56577\/revisions"}],"predecessor-version":[{"id":56579,"href":"https:\/\/inces.gob.ve\/index.php\/wp-json\/wp\/v2\/posts\/56577\/revisions\/56579"}],"wp:featuredmedia":[{"embeddable":true,"href":"https:\/\/inces.gob.ve\/index.php\/wp-json\/wp\/v2\/media\/56578"}],"wp:attachment":[{"href":"https:\/\/inces.gob.ve\/index.php\/wp-json\/wp\/v2\/media?parent=56577"}],"wp:term":[{"taxonomy":"category","embeddable":true,"href":"https:\/\/inces.gob.ve\/index.php\/wp-json\/wp\/v2\/categories?post=56577"},{"taxonomy":"post_tag","embeddable":true,"href":"https:\/\/inces.gob.ve\/index.php\/wp-json\/wp\/v2\/tags?post=56577"}],"curies":[{"name":"wp","href":"https:\/\/api.w.org\/{rel}","templated":true}]}}