{"id":56600,"date":"2024-02-16T11:34:15","date_gmt":"2024-02-16T15:34:15","guid":{"rendered":"https:\/\/inces.gob.ve\/?p=56600"},"modified":"2024-02-16T11:34:15","modified_gmt":"2024-02-16T15:34:15","slug":"guarico-el-inces-de-guarico-se-une-a-la-campana-nacional-conoce-a-tu-inces-militar","status":"publish","type":"post","link":"https:\/\/inces.gob.ve\/index.php\/2024\/02\/16\/guarico-el-inces-de-guarico-se-une-a-la-campana-nacional-conoce-a-tu-inces-militar\/","title":{"rendered":"GU\u00c1RICO | El Inces de Gu\u00e1rico se une a la Campa\u00f1a Nacional \u201cConoce a tu Inces Militar\u201d"},"content":{"rendered":"<p style=\"text-align: justify;\"><em><strong><span style=\"font-family: helvetica, arial, sans-serif; font-size: 14pt;\">*** Con el fin de recuperar, fortalecer y ratificar el compromiso que esta instituci\u00f3n tiene con la formaci\u00f3n del nuevo ciudadano venezolano<\/span><\/strong><\/em><!--more--><\/p>\n<p>&nbsp;<\/p>\n<p style=\"text-align: justify;\"><strong><span style=\"font-family: helvetica, arial, sans-serif; font-size: 14pt;\">YAMILEX APONTE<\/span><\/strong><\/p>\n<p style=\"text-align: justify;\"><span style=\"font-weight: 400; font-family: helvetica, arial, sans-serif; font-size: 14pt;\">El Instituto Nacional de Capacitaci\u00f3n y Educaci\u00f3n Socialista, en su visi\u00f3n y total disposici\u00f3n para trabajar de manera integrada y cohesionada en pro del desarrollo nacional del pa\u00eds, a\u00a0 trav\u00e9s del Programa Inces Militar, estimula la incorporaci\u00f3n del personal\u00a0militar\u00a0y civil\u00a0 y comunidades organizadas en las formaciones\u00a0 de capacitaci\u00f3n para el trabajo.<\/span><\/p>\n<p>&nbsp;<\/p>\n<p style=\"text-align: justify;\"><span style=\"font-weight: 400; font-family: helvetica, arial, sans-serif; font-size: 14pt;\">Actualmente el Inces Militar, consciente de la importancia que tiene para el joven venezolano que presta el Servicio Militar, realizar formaciones paralelas a su tiempo de servicio, que lo capaciten en una profesi\u00f3n u ocupaci\u00f3n laboral, que les abran las puertas al campo del trabajo, con un elevado nivel de competitividad y que le permita generar recursos econ\u00f3micos, est\u00e1 llevando a cabo la campa\u00f1a nacional en las instalaciones militares \u201cConoce a tu Inces Militar\u201d, con el fin de recuperar, fortalecer y ratificar el compromiso que \u00e9sta instituci\u00f3n tiene con la Fuerza Armada Nacional Bolivariana en la formaci\u00f3n del nuevo hombre y mujer que el pa\u00eds necesita.<\/span><\/p>\n<p>&nbsp;<\/p>\n<p style=\"text-align: justify;\"><span style=\"font-weight: 400; font-family: helvetica, arial, sans-serif; font-size: 14pt;\">As\u00ed lo dieron a conocer la Cnel. Yaneyse Tartaglia, Gerente Regional del Inces Militar Gu\u00e1rico y la Cnel. Naanyeli Benitez, Jefe de Formaci\u00f3n Acad\u00e9mica del Inces Militar Gu\u00e1rico, quienes el pasado jueves 8 de febrero estuvieron al\u00a0 frente de la\u00a0 jornada llevada a cabo en las instalaciones de\u00a0 la Circunscripci\u00f3n Militar Gu\u00e1rico. La misma cont\u00f3 con la presencia del Cnel. Gustavo Hern\u00e1n Gonz\u00e1lez, Jefe de esta entidad, adem\u00e1s de 12 oficiales subalternos y tropa profesional, 50 alistados, 12 captadores, 2 Maestros T\u00e9cnicos Voluntarios.<\/span><\/p>\n<p>&nbsp;<\/p>\n<p style=\"text-align: justify;\"><span style=\"font-weight: 400; font-family: helvetica, arial, sans-serif; font-size: 14pt;\">Nacido como un convenio c\u00edvico-castrense, entre el Ministerio de la Defensa y el Instituto Nacional de Cooperaci\u00f3n y Educaci\u00f3n Socialista, el\u00a0 Inces Militar procura la formaci\u00f3n integral de los ciudadanos, donde el individuo sea copart\u00edcipe y promotor del desarrollo.\u00a0<\/span><\/p>\n","protected":false},"excerpt":{"rendered":"<p>*** Con el fin de recuperar, fortalecer y ratificar el compromiso que esta instituci\u00f3n tiene con la formaci\u00f3n del nuevo ciudadano venezolano<\/p>\n","protected":false},"author":4,"featured_media":56601,"comment_status":"closed","ping_status":"closed","sticky":false,"template":"","format":"standard","meta":{"footnotes":""},"categories":[2],"tags":[],"class_list":["post-56600","post","type-post","status-publish","format-standard","has-post-thumbnail","hentry","category-blog"],"_links":{"self":[{"href":"https:\/\/inces.gob.ve\/index.php\/wp-json\/wp\/v2\/posts\/56600","targetHints":{"allow":["GET"]}}],"collection":[{"href":"https:\/\/inces.gob.ve\/index.php\/wp-json\/wp\/v2\/posts"}],"about":[{"href":"https:\/\/inces.gob.ve\/index.php\/wp-json\/wp\/v2\/types\/post"}],"author":[{"embeddable":true,"href":"https:\/\/inces.gob.ve\/index.php\/wp-json\/wp\/v2\/users\/4"}],"replies":[{"embeddable":true,"href":"https:\/\/inces.gob.ve\/index.php\/wp-json\/wp\/v2\/comments?post=56600"}],"version-history":[{"count":1,"href":"https:\/\/inces.gob.ve\/index.php\/wp-json\/wp\/v2\/posts\/56600\/revisions"}],"predecessor-version":[{"id":56602,"href":"https:\/\/inces.gob.ve\/index.php\/wp-json\/wp\/v2\/posts\/56600\/revisions\/56602"}],"wp:featuredmedia":[{"embeddable":true,"href":"https:\/\/inces.gob.ve\/index.php\/wp-json\/wp\/v2\/media\/56601"}],"wp:attachment":[{"href":"https:\/\/inces.gob.ve\/index.php\/wp-json\/wp\/v2\/media?parent=56600"}],"wp:term":[{"taxonomy":"category","embeddable":true,"href":"https:\/\/inces.gob.ve\/index.php\/wp-json\/wp\/v2\/categories?post=56600"},{"taxonomy":"post_tag","embeddable":true,"href":"https:\/\/inces.gob.ve\/index.php\/wp-json\/wp\/v2\/tags?post=56600"}],"curies":[{"name":"wp","href":"https:\/\/api.w.org\/{rel}","templated":true}]}}