{"id":56605,"date":"2024-02-16T11:51:40","date_gmt":"2024-02-16T15:51:40","guid":{"rendered":"https:\/\/inces.gob.ve\/?p=56605"},"modified":"2024-02-16T11:51:40","modified_gmt":"2024-02-16T15:51:40","slug":"guarico-el-inces-aplica-encuesta","status":"publish","type":"post","link":"https:\/\/inces.gob.ve\/index.php\/2024\/02\/16\/guarico-el-inces-aplica-encuesta\/","title":{"rendered":"GU\u00c1RICO| El Inces aplica encuesta"},"content":{"rendered":"<p style=\"text-align: justify;\"><strong><em><span style=\"font-family: helvetica, arial, sans-serif; font-size: 14pt;\">*** El Inces aplica la I Encuesta Nacional de Necesidades Formativas de Industria y Comercio <\/span><\/em><\/strong><!--more--><\/p>\n<p style=\"text-align: justify;\">\n<p style=\"text-align: justify;\"><strong><span style=\"font-family: helvetica, arial, sans-serif; font-size: 14pt;\">YAMILEX APONTE<\/span><\/strong><\/p>\n<p style=\"text-align: justify;\"><span style=\"font-weight: 400; font-family: helvetica, arial, sans-serif; font-size: 14pt;\">El Instituto Nacional de Capacitaci\u00f3n y Educaci\u00f3n Socialista busca contar con los datos necesarios a trav\u00e9s de aplicaci\u00f3n de encuesta, para conocer las necesidades formativas de los trabajadores de las industrias y comercios dirigida a los sectores industriales y comerciales, tanto p\u00fablicos como privados de todo el territorio nacional, en todos sus niveles.\u00a0<\/span><\/p>\n<p style=\"text-align: justify;\">\n<p style=\"text-align: justify;\"><span style=\"font-family: helvetica, arial, sans-serif; font-size: 14pt;\"><span style=\"font-weight: 400;\">Se trata de una valoraci\u00f3n, que la industria y el comercio tienen sobre la necesidad\u00a0 de talento humano, donde los trabajadores recibir\u00e1n una actualizaci\u00f3n profesional y una formaci\u00f3n que les permitir\u00e1 desempe\u00f1arse de manera m\u00e1s eficiente en sus ocupaciones<\/span><span style=\"font-weight: 400;\">.<\/span><\/span><\/p>\n<p>&nbsp;<\/p>\n<p style=\"text-align: justify;\"><span style=\"font-family: helvetica, arial, sans-serif; font-size: 14pt;\"><span style=\"font-weight: 400;\">En este sentido, la gerente regional del Inces del estado Gu\u00e1rico, Arisela Medina, realiz\u00f3 trabajo de divulgaci\u00f3n sobre la encuesta, haciendo disertaci\u00f3n a trav\u00e9s de los diferentes medios de comunicaci\u00f3n, tanto radial como televisiva, donde <\/span><span style=\"font-weight: 400;\">hizo el llamado a las empresas a ingresar al portal inces.gob.ve, seleccionar \u00abTributos en L\u00ednea\u00bb que mostrar\u00e1 una ventana con un enlace para completar el cuestionario, el cual se puede responder en un promedio muy corto de tiempo.<\/span><\/span><\/p>\n<p>&nbsp;<\/p>\n<p style=\"text-align: justify;\"><span style=\"font-family: helvetica, arial, sans-serif; font-size: 14pt;\"><span style=\"font-weight: 400;\">Durante entrevista radial, refiri\u00f3 <\/span><span style=\"font-weight: 400;\">\u00a0<\/span><span style=\"font-weight: 400;\">\u00abHoy el Inces est\u00e1 a la par de los nuevos tiempos, venimos haciendo una revisi\u00f3n y redise\u00f1o curricular de sus formaciones que garanticen el desarrollo social y econ\u00f3mico de cada regi\u00f3n\u201d. Adem\u00e1s acot\u00f3 \u201ccon la aplicaci\u00f3n de esta encuesta, el Inces tiene la posibilidad de hacer la construcci\u00f3n de los proyectos para que cuenten con una formaci\u00f3n especializada y personal conteste con esa necesidad\u201d.<\/span><\/span><\/p>\n<p>&nbsp;<\/p>\n<p style=\"text-align: justify;\"><span style=\"font-weight: 400; font-family: helvetica, arial, sans-serif; font-size: 14pt;\">Continuando con el trabajo informativo, acerca del prop\u00f3sito de la encuesta la gerente regional, llev\u00f3 a cabo un encuentro con la C\u00e1mara de Comercio de Roscio, donde fue atendida, con mucha receptividad, por su presidenta, la Dra. Lilia \u00c1lvarez.\u00a0<\/span><\/p>\n<p>&nbsp;<\/p>\n<p style=\"text-align: justify;\"><span style=\"font-weight: 400; font-family: helvetica, arial, sans-serif; font-size: 14pt;\">Durante la reuni\u00f3n, la gerente regional present\u00f3 una explicaci\u00f3n sobre los objetivos de la Encuesta Nacional de Necesidades Formativas en la Industria y Comercio, y con base en esta informaci\u00f3n, el Inces podr\u00e1 dise\u00f1ar una oferta educativa que satisfaga dichas necesidades y se acord\u00f3 planificar un segundo encuentro con la Junta Directiva de la C\u00e1mara de Comercio Roscio, para explicar en mayores detalles\u00a0 los objetivos y prop\u00f3sitos de la encuesta.<\/span><\/p>\n<p>&nbsp;<\/p>\n<p style=\"text-align: justify;\"><span style=\"font-weight: 400; font-family: helvetica, arial, sans-serif; font-size: 14pt;\">\u00a0\u201cEste es un trabajo dignificante para los trabajadores y para nosotros como instituci\u00f3n formadora, representa un avance en la relaci\u00f3n de trabajo conjunto entre el Inces y las entidades laborales del pa\u00eds\u201d, asever\u00f3 la gerente regional durante la reuni\u00f3n.<\/span><\/p>\n<p style=\"text-align: justify;\"><span style=\"font-weight: 400; font-family: helvetica, arial, sans-serif; font-size: 14pt;\">\u00a0<\/span><\/p>\n","protected":false},"excerpt":{"rendered":"<p>*** El Inces aplica la I Encuesta Nacional de Necesidades Formativas de Industria y Comercio<\/p>\n","protected":false},"author":4,"featured_media":56606,"comment_status":"closed","ping_status":"closed","sticky":false,"template":"","format":"standard","meta":{"footnotes":""},"categories":[2],"tags":[],"class_list":["post-56605","post","type-post","status-publish","format-standard","has-post-thumbnail","hentry","category-blog"],"_links":{"self":[{"href":"https:\/\/inces.gob.ve\/index.php\/wp-json\/wp\/v2\/posts\/56605","targetHints":{"allow":["GET"]}}],"collection":[{"href":"https:\/\/inces.gob.ve\/index.php\/wp-json\/wp\/v2\/posts"}],"about":[{"href":"https:\/\/inces.gob.ve\/index.php\/wp-json\/wp\/v2\/types\/post"}],"author":[{"embeddable":true,"href":"https:\/\/inces.gob.ve\/index.php\/wp-json\/wp\/v2\/users\/4"}],"replies":[{"embeddable":true,"href":"https:\/\/inces.gob.ve\/index.php\/wp-json\/wp\/v2\/comments?post=56605"}],"version-history":[{"count":1,"href":"https:\/\/inces.gob.ve\/index.php\/wp-json\/wp\/v2\/posts\/56605\/revisions"}],"predecessor-version":[{"id":56607,"href":"https:\/\/inces.gob.ve\/index.php\/wp-json\/wp\/v2\/posts\/56605\/revisions\/56607"}],"wp:featuredmedia":[{"embeddable":true,"href":"https:\/\/inces.gob.ve\/index.php\/wp-json\/wp\/v2\/media\/56606"}],"wp:attachment":[{"href":"https:\/\/inces.gob.ve\/index.php\/wp-json\/wp\/v2\/media?parent=56605"}],"wp:term":[{"taxonomy":"category","embeddable":true,"href":"https:\/\/inces.gob.ve\/index.php\/wp-json\/wp\/v2\/categories?post=56605"},{"taxonomy":"post_tag","embeddable":true,"href":"https:\/\/inces.gob.ve\/index.php\/wp-json\/wp\/v2\/tags?post=56605"}],"curies":[{"name":"wp","href":"https:\/\/api.w.org\/{rel}","templated":true}]}}