{"id":56652,"date":"2024-02-20T14:03:06","date_gmt":"2024-02-20T18:03:06","guid":{"rendered":"https:\/\/inces.gob.ve\/?p=56652"},"modified":"2024-02-20T14:05:07","modified_gmt":"2024-02-20T18:05:07","slug":"trujillo-inces-llega-a-todos-los-municipios-trujillanos","status":"publish","type":"post","link":"https:\/\/inces.gob.ve\/index.php\/2024\/02\/20\/trujillo-inces-llega-a-todos-los-municipios-trujillanos\/","title":{"rendered":"TRUJILLO | Inces llega a todos los municipios trujillanos"},"content":{"rendered":"<div dir=\"ltr\" style=\"text-align: justify;\"><em><strong><span style=\"font-family: helvetica, arial, sans-serif; font-size: 14pt;\">** El Instituto Nacional de Capacitaci\u00f3n y Educaci\u00f3n Socialista (Inces) llega a los \u00a0municipios de la regi\u00f3n con la formaci\u00f3n t\u00e9cnica profesional en el \u00e1mbito de misiones, para capacitar a m\u00e1s de 1.600 mujeres.\u00a0 Entre las ocupaciones m\u00e1s demandadas est\u00e1n Corte y Costura, Reposter\u00eda, Panader\u00eda Artesanal, Avicultura, Peluquer\u00eda, Manicurista, entre otros.<\/span><\/strong><\/em><\/div>\n<p><!--more--><\/p>\n<p>&nbsp;<\/p>\n<div dir=\"ltr\" style=\"text-align: justify;\">\n<p><span style=\"font-family: helvetica, arial, sans-serif; font-size: 14pt;\">Prensa<\/span><\/p>\n<p><span style=\"font-family: helvetica, arial, sans-serif; font-size: 14pt;\">Durante el desarrollo del primer trimestre el Inces ha logrado desplegarse por los municipios del estado Trujillo impartiendo la t\u00e9cnica en distintas ocupaciones cualificadas a m\u00e1s de 1.600 mujeres en el marco de la Gran Misi\u00f3n Venezuela Mujer.<\/span><\/p>\n<\/div>\n<div dir=\"ltr\" style=\"text-align: justify;\"><span style=\"font-family: helvetica, arial, sans-serif; font-size: 14pt;\">\u00a0 <\/span><br \/>\n<span style=\"font-family: helvetica, arial, sans-serif; font-size: 14pt;\">Esta Misi\u00f3n responde a la voluntad del presidente Nicol\u00e1s Maduro Moros de empoderar a la mujer en diversos espacios. De esta manera, desde la presidencia del Inces, direccionada por Wuikelman Angel, la prioridad ha sido la formaci\u00f3n t\u00e9cnica profesional de la mano con el segundo v\u00e9rtice \u00abeducaci\u00f3n para el empoderamiento de la mujer\u00bb.<\/span><\/div>\n<div dir=\"ltr\"><\/div>\n<div dir=\"ltr\" style=\"text-align: justify;\"><span style=\"font-family: helvetica, arial, sans-serif; font-size: 14pt;\"><img loading=\"lazy\" decoding=\"async\" class=\"aligncenter wp-image-56653 size-full\" src=\"https:\/\/inces.gob.ve\/wp-content\/uploads\/2024\/02\/WhatsApp-Image-2024-01-27-at-4.47.37-PM-e1708451984913.jpeg\" alt=\"\" width=\"800\" height=\"450\" srcset=\"https:\/\/inces.gob.ve\/wp-content\/uploads\/2024\/02\/WhatsApp-Image-2024-01-27-at-4.47.37-PM-e1708451984913.jpeg 800w, https:\/\/inces.gob.ve\/wp-content\/uploads\/2024\/02\/WhatsApp-Image-2024-01-27-at-4.47.37-PM-e1708451984913-300x169.jpeg 300w, https:\/\/inces.gob.ve\/wp-content\/uploads\/2024\/02\/WhatsApp-Image-2024-01-27-at-4.47.37-PM-e1708451984913-768x432.jpeg 768w\" sizes=\"auto, (max-width: 800px) 100vw, 800px\" \/>\u00a0 <\/span><br \/>\n<span style=\"font-family: helvetica, arial, sans-serif; font-size: 14pt;\">Por consiguiente, en la gerencia de la regi\u00f3n Trujillo la mayor demanda formativa del \u00e1mbito Misiones se centra en Reposter\u00eda, Panader\u00eda Artesanal, Corte y Costura, Est\u00e9tica y Belleza, Manicurista, Peluquer\u00eda, Estructura de Costos, Avicultura, entre otros.<\/span><\/div>\n<div dir=\"ltr\"><img loading=\"lazy\" decoding=\"async\" class=\"aligncenter wp-image-56654 size-full\" src=\"https:\/\/inces.gob.ve\/wp-content\/uploads\/2024\/02\/WhatsApp-Image-2024-02-03-at-9.37.22-PM-e1708452004992.jpeg\" alt=\"\" width=\"800\" height=\"350\" srcset=\"https:\/\/inces.gob.ve\/wp-content\/uploads\/2024\/02\/WhatsApp-Image-2024-02-03-at-9.37.22-PM-e1708452004992.jpeg 800w, https:\/\/inces.gob.ve\/wp-content\/uploads\/2024\/02\/WhatsApp-Image-2024-02-03-at-9.37.22-PM-e1708452004992-300x131.jpeg 300w, https:\/\/inces.gob.ve\/wp-content\/uploads\/2024\/02\/WhatsApp-Image-2024-02-03-at-9.37.22-PM-e1708452004992-768x336.jpeg 768w\" sizes=\"auto, (max-width: 800px) 100vw, 800px\" \/><\/div>\n<div dir=\"ltr\" style=\"text-align: justify;\"><span style=\"font-family: helvetica, arial, sans-serif; font-size: 14pt;\">En este sentido, Alexis Brice\u00f1o, gerente del Inces Trujillo destac\u00f3 la atenci\u00f3n formativa con maestros t\u00e9cnicos voluntarios, maestros \u00a0t\u00e9cnicos productivos en los municipios Trujillo, Pamp\u00e1n, Pampanito, Carache, Andr\u00e9s Bello, Bocon\u00f3, Juan Vicente Campo El\u00edas, \u00a0Miranda, Urdaneta, Rafael Rangel, Escuque, Valera.<\/span><\/div>\n<div dir=\"ltr\"><img loading=\"lazy\" decoding=\"async\" class=\"aligncenter wp-image-56655 size-full\" src=\"https:\/\/inces.gob.ve\/wp-content\/uploads\/2024\/02\/WhatsApp-Image-2024-02-06-at-5.37.02-PM-e1708452036253.jpeg\" alt=\"\" width=\"800\" height=\"600\" srcset=\"https:\/\/inces.gob.ve\/wp-content\/uploads\/2024\/02\/WhatsApp-Image-2024-02-06-at-5.37.02-PM-e1708452036253.jpeg 800w, https:\/\/inces.gob.ve\/wp-content\/uploads\/2024\/02\/WhatsApp-Image-2024-02-06-at-5.37.02-PM-e1708452036253-300x225.jpeg 300w, https:\/\/inces.gob.ve\/wp-content\/uploads\/2024\/02\/WhatsApp-Image-2024-02-06-at-5.37.02-PM-e1708452036253-768x576.jpeg 768w, https:\/\/inces.gob.ve\/wp-content\/uploads\/2024\/02\/WhatsApp-Image-2024-02-06-at-5.37.02-PM-e1708452036253-136x102.jpeg 136w\" sizes=\"auto, (max-width: 800px) 100vw, 800px\" \/><\/div>\n<div dir=\"ltr\" style=\"text-align: justify;\"><span style=\"font-family: helvetica, arial, sans-serif; font-size: 14pt;\">\u00a0 <\/span><br \/>\n<span style=\"font-family: helvetica, arial, sans-serif; font-size: 14pt;\">\u00abRealmente complacidas se encuentran las mujeres trujillanas, \u00a0con la atenci\u00f3n en las distintas ocupaciones que les permitir\u00e1 desarrollar habilidades t\u00e9cnicas para obtener un oficio con el cual se proyecte como emprendedora obteniendo as\u00ed su modo econ\u00f3mico para llevar adelante el grupo familiar, adem\u00e1s de aportar con su trabajo al desarrollo de los sectores productivos del estado\u00bb, dijo Brice\u00f1o.<\/span><\/div>\n<div dir=\"ltr\" style=\"text-align: justify;\"><span style=\"font-family: helvetica, arial, sans-serif; font-size: 14pt;\">\u00a0\u00a0<\/span><\/div>\n<div dir=\"ltr\" style=\"text-align: justify;\"><img loading=\"lazy\" decoding=\"async\" class=\"aligncenter wp-image-56657 size-full\" src=\"https:\/\/inces.gob.ve\/wp-content\/uploads\/2024\/02\/WhatsApp-Image-2024-02-10-at-7.28.04-PM-e1708452056885.jpeg\" alt=\"\" width=\"800\" height=\"450\" srcset=\"https:\/\/inces.gob.ve\/wp-content\/uploads\/2024\/02\/WhatsApp-Image-2024-02-10-at-7.28.04-PM-e1708452056885.jpeg 800w, https:\/\/inces.gob.ve\/wp-content\/uploads\/2024\/02\/WhatsApp-Image-2024-02-10-at-7.28.04-PM-e1708452056885-300x169.jpeg 300w, https:\/\/inces.gob.ve\/wp-content\/uploads\/2024\/02\/WhatsApp-Image-2024-02-10-at-7.28.04-PM-e1708452056885-768x432.jpeg 768w\" sizes=\"auto, (max-width: 800px) 100vw, 800px\" \/><br \/>\n<span style=\"font-family: helvetica, arial, sans-serif; font-size: 14pt;\">Finalmente, el llamado es a todas las mujeres que deseen capacitarse en cualquiera de los perfiles productivos que ofrece el Inces. Las interesadas deben acudir a la sede del Centro de Formaci\u00f3n Socialista Al\u00ed Primera, ubicado en el sector Plata I, urbanizaci\u00f3n Mirabel diagonal al terminal de pasajeros, en horario de oficina de 8:00 a.m. hasta las 12:00 m. y de 1:00 p.m. hasta las 4:00 p.m.<\/span><\/div>\n<div dir=\"ltr\"><img loading=\"lazy\" decoding=\"async\" class=\"aligncenter wp-image-56658 size-full\" src=\"https:\/\/inces.gob.ve\/wp-content\/uploads\/2024\/02\/WhatsApp-Image-2024-02-10-at-7.35.02-PM-e1708452088763.jpeg\" alt=\"\" width=\"800\" height=\"450\" srcset=\"https:\/\/inces.gob.ve\/wp-content\/uploads\/2024\/02\/WhatsApp-Image-2024-02-10-at-7.35.02-PM-e1708452088763.jpeg 800w, https:\/\/inces.gob.ve\/wp-content\/uploads\/2024\/02\/WhatsApp-Image-2024-02-10-at-7.35.02-PM-e1708452088763-300x169.jpeg 300w, https:\/\/inces.gob.ve\/wp-content\/uploads\/2024\/02\/WhatsApp-Image-2024-02-10-at-7.35.02-PM-e1708452088763-768x432.jpeg 768w\" sizes=\"auto, (max-width: 800px) 100vw, 800px\" \/><\/div>\n","protected":false},"excerpt":{"rendered":"<p>** El Instituto Nacional de Capacitaci\u00f3n y Educaci\u00f3n Socialista (Inces) llega a los \u00a0municipios de la regi\u00f3n con la formaci\u00f3n t\u00e9cnica profesional en el \u00e1mbito de misiones, para capacitar a m\u00e1s de 1.600 mujeres.\u00a0 Entre las ocupaciones m\u00e1s demandadas est\u00e1n Corte y Costura, Reposter\u00eda, Panader\u00eda Artesanal, Avicultura, Peluquer\u00eda, Manicurista, entre otros.<\/p>\n","protected":false},"author":15,"featured_media":56659,"comment_status":"closed","ping_status":"closed","sticky":false,"template":"","format":"standard","meta":{"footnotes":""},"categories":[2],"tags":[],"class_list":["post-56652","post","type-post","status-publish","format-standard","has-post-thumbnail","hentry","category-blog"],"_links":{"self":[{"href":"https:\/\/inces.gob.ve\/index.php\/wp-json\/wp\/v2\/posts\/56652","targetHints":{"allow":["GET"]}}],"collection":[{"href":"https:\/\/inces.gob.ve\/index.php\/wp-json\/wp\/v2\/posts"}],"about":[{"href":"https:\/\/inces.gob.ve\/index.php\/wp-json\/wp\/v2\/types\/post"}],"author":[{"embeddable":true,"href":"https:\/\/inces.gob.ve\/index.php\/wp-json\/wp\/v2\/users\/15"}],"replies":[{"embeddable":true,"href":"https:\/\/inces.gob.ve\/index.php\/wp-json\/wp\/v2\/comments?post=56652"}],"version-history":[{"count":4,"href":"https:\/\/inces.gob.ve\/index.php\/wp-json\/wp\/v2\/posts\/56652\/revisions"}],"predecessor-version":[{"id":56663,"href":"https:\/\/inces.gob.ve\/index.php\/wp-json\/wp\/v2\/posts\/56652\/revisions\/56663"}],"wp:featuredmedia":[{"embeddable":true,"href":"https:\/\/inces.gob.ve\/index.php\/wp-json\/wp\/v2\/media\/56659"}],"wp:attachment":[{"href":"https:\/\/inces.gob.ve\/index.php\/wp-json\/wp\/v2\/media?parent=56652"}],"wp:term":[{"taxonomy":"category","embeddable":true,"href":"https:\/\/inces.gob.ve\/index.php\/wp-json\/wp\/v2\/categories?post=56652"},{"taxonomy":"post_tag","embeddable":true,"href":"https:\/\/inces.gob.ve\/index.php\/wp-json\/wp\/v2\/tags?post=56652"}],"curies":[{"name":"wp","href":"https:\/\/api.w.org\/{rel}","templated":true}]}}