{"id":56689,"date":"2024-02-20T15:43:52","date_gmt":"2024-02-20T19:43:52","guid":{"rendered":"https:\/\/inces.gob.ve\/?p=56689"},"modified":"2024-02-21T10:09:33","modified_gmt":"2024-02-21T14:09:33","slug":"la-escuela-de-emprendimiento-del-inces-aporta-nuevas-herramientas","status":"publish","type":"post","link":"https:\/\/inces.gob.ve\/index.php\/2024\/02\/20\/la-escuela-de-emprendimiento-del-inces-aporta-nuevas-herramientas\/","title":{"rendered":"La Escuela de Emprendimiento del Inces aporta nuevas herramientas"},"content":{"rendered":"<p dir=\"ltr\" style=\"text-align: justify;\"><em><strong><span style=\"font-family: helvetica, arial, sans-serif; font-size: 14pt;\">** El \u00e9xito en los negocios no se trata de tener una gran idea, se trata de ejecutar esa idea de manera efectiva<\/span><\/strong><\/em><br \/>\n<!--more--><\/p>\n<p dir=\"ltr\" style=\"text-align: justify;\"><strong><span style=\"font-family: helvetica, arial, sans-serif; font-size: 14pt;\">DIMAS P\u00c1EZ<\/span><\/strong><\/p>\n<p dir=\"ltr\" style=\"text-align: justify;\"><span style=\"font-family: helvetica, arial, sans-serif; font-size: 14pt;\">El Instituto Nacional de Capacitaci\u00f3n y Educaci\u00f3n Socialista (Inces), siguiendo instrucciones de su presidente Wuikelman Angel, cre\u00f3 la Escuela de Emprendimiento, ubicada en el primer piso del edificio anexo del Inces Sede, para prestar apoyo a las propuestas realizadas por el presidente de la Rep\u00fablica Nicol\u00e1s Maduro Moros referente al tema del Emprendimiento.<\/span><\/p>\n<p style=\"text-align: justify;\"><img loading=\"lazy\" decoding=\"async\" class=\"aligncenter wp-image-56690 size-full\" src=\"https:\/\/inces.gob.ve\/wp-content\/uploads\/2024\/02\/emprendedores-01-.jpg\" alt=\"\" width=\"758\" height=\"292\" srcset=\"https:\/\/inces.gob.ve\/wp-content\/uploads\/2024\/02\/emprendedores-01-.jpg 758w, https:\/\/inces.gob.ve\/wp-content\/uploads\/2024\/02\/emprendedores-01--300x116.jpg 300w\" sizes=\"auto, (max-width: 758px) 100vw, 758px\" \/><\/p>\n<p dir=\"ltr\" style=\"text-align: justify;\"><span style=\"font-family: helvetica, arial, sans-serif; font-size: 14pt;\">El Inces cuenta con facilitadores para prestar el apoyo a todas aquellas personas que quieran presentar un proyecto. Este ente p\u00fablico, a trav\u00e9s de los diferentes talleres que se dictan en la escuela, aporta los conocimientos necesarios para que los emprendedores puedan lograr sus metas.<\/span><\/p>\n<p dir=\"ltr\" style=\"text-align: justify;\"><span style=\"font-family: helvetica, arial, sans-serif; font-size: 14pt;\">En esta oportunidad, los facilitadores de dictar el taller \u201cC\u00f3mo crear una\u00a0 idea de negocio mediante un proceso creativo\u201d fueron Alfredo Pe\u00f1a y Yomelis Mart\u00ednez, quienes se encargaron de despejar las dudas de los participantes respecto a los diferentes tipos de retos que se enfrentan una vez formulado sus emprendimientos.<\/span><\/p>\n<p dir=\"ltr\" style=\"text-align: justify;\"><span style=\"font-family: helvetica, arial, sans-serif; font-size: 14pt;\">Por su parte, Alfredo Pe\u00f1a, explic\u00f3 la parte importante del taller: \u201cEn esta oportunidad vamos a desarrollar una idea de negocio. Con este taller ellos van a adquirir herramientas partiendo de un proceso creativo\u201d.<\/span><\/p>\n<p dir=\"ltr\" style=\"text-align: justify;\"><span style=\"font-family: helvetica, arial, sans-serif; font-size: 14pt;\">Continu\u00f3 Pe\u00f1a: \u201cEn este proceso ellos van a aprender a desarrollar y por \u00faltimo presentar su idea a las personas interesadas en conocer su modelo de negocio, por ejemplo, con esta capacitaci\u00f3n ellos pueden presentar sus propuestas de emprendimientos a un banco o a cualquier persona interesada en invertir en su idea.<\/span><\/p>\n<p dir=\"ltr\" style=\"text-align: justify;\"><span style=\"font-family: helvetica, arial, sans-serif; font-size: 14pt;\">Aqu\u00ed obtendr\u00e1n como organizar las fases del proceso creativo:<\/span><\/p>\n<p dir=\"ltr\" style=\"text-align: justify;\"><span style=\"font-family: helvetica, arial, sans-serif; font-size: 14pt;\"><strong>An\u00e1lisis del reto creativo<\/strong> al que nos enfrentamos y entorno\u00a0 en el que queremos generar ideas creativas. En esta fase utilizaremos herramientas de an\u00e1lisis para hacernos preguntas y analizar las causas de nuestro reto o problema.<\/span><\/p>\n<p dir=\"ltr\"><img loading=\"lazy\" decoding=\"async\" class=\"aligncenter wp-image-56691 size-full\" src=\"https:\/\/inces.gob.ve\/wp-content\/uploads\/2024\/02\/emprendedores-02--scaled-e1708458141355.jpg\" alt=\"\" width=\"800\" height=\"492\" srcset=\"https:\/\/inces.gob.ve\/wp-content\/uploads\/2024\/02\/emprendedores-02--scaled-e1708458141355.jpg 800w, https:\/\/inces.gob.ve\/wp-content\/uploads\/2024\/02\/emprendedores-02--scaled-e1708458141355-300x185.jpg 300w, https:\/\/inces.gob.ve\/wp-content\/uploads\/2024\/02\/emprendedores-02--scaled-e1708458141355-768x472.jpg 768w\" sizes=\"auto, (max-width: 800px) 100vw, 800px\" \/><\/p>\n<p dir=\"ltr\" style=\"text-align: justify;\"><span style=\"font-family: helvetica, arial, sans-serif; font-size: 14pt;\">Generaci\u00f3n de Ideas, tambi\u00e9n llamada fase divergente. En esta fase utilizaremos herramientas para la generaci\u00f3n de ideas. En este momento es conveniente no juzgar las ideas. El objetivo de esta fase es generar el mayor n\u00famero posible de ideas.<\/span><\/p>\n<p dir=\"ltr\" style=\"text-align: justify;\"><span style=\"font-family: helvetica, arial, sans-serif; font-size: 14pt;\">Valoraci\u00f3n y selecci\u00f3n de las ideas, tambi\u00e9n llamada fase convergente consiste en seleccionar las mejores ideas. En esta fase se utilizan criterios tanto subjetivos como objetivos para valorar y clasificar las ideas y filtrar las mejores.<\/span><\/p>\n<p dir=\"ltr\" style=\"text-align: justify;\"><span style=\"font-family: helvetica, arial, sans-serif; font-size: 14pt;\">\u201cQuien se mantiene preparado, no tiene porque prepararse\u201d. Finaliz\u00f3 Alfredo Pe\u00f1a.\u00a0\u00a0<\/span><\/p>\n<div class=\"yj6qo\" style=\"text-align: justify;\"><\/div>\n<div class=\"adL\"><\/div>\n","protected":false},"excerpt":{"rendered":"<p>** El \u00e9xito en los negocios no se trata de tener una gran idea, se trata de ejecutar esa idea de manera efectiva<\/p>\n","protected":false},"author":15,"featured_media":56692,"comment_status":"closed","ping_status":"closed","sticky":false,"template":"","format":"standard","meta":{"footnotes":""},"categories":[2],"tags":[],"class_list":["post-56689","post","type-post","status-publish","format-standard","has-post-thumbnail","hentry","category-blog"],"_links":{"self":[{"href":"https:\/\/inces.gob.ve\/index.php\/wp-json\/wp\/v2\/posts\/56689","targetHints":{"allow":["GET"]}}],"collection":[{"href":"https:\/\/inces.gob.ve\/index.php\/wp-json\/wp\/v2\/posts"}],"about":[{"href":"https:\/\/inces.gob.ve\/index.php\/wp-json\/wp\/v2\/types\/post"}],"author":[{"embeddable":true,"href":"https:\/\/inces.gob.ve\/index.php\/wp-json\/wp\/v2\/users\/15"}],"replies":[{"embeddable":true,"href":"https:\/\/inces.gob.ve\/index.php\/wp-json\/wp\/v2\/comments?post=56689"}],"version-history":[{"count":4,"href":"https:\/\/inces.gob.ve\/index.php\/wp-json\/wp\/v2\/posts\/56689\/revisions"}],"predecessor-version":[{"id":56704,"href":"https:\/\/inces.gob.ve\/index.php\/wp-json\/wp\/v2\/posts\/56689\/revisions\/56704"}],"wp:featuredmedia":[{"embeddable":true,"href":"https:\/\/inces.gob.ve\/index.php\/wp-json\/wp\/v2\/media\/56692"}],"wp:attachment":[{"href":"https:\/\/inces.gob.ve\/index.php\/wp-json\/wp\/v2\/media?parent=56689"}],"wp:term":[{"taxonomy":"category","embeddable":true,"href":"https:\/\/inces.gob.ve\/index.php\/wp-json\/wp\/v2\/categories?post=56689"},{"taxonomy":"post_tag","embeddable":true,"href":"https:\/\/inces.gob.ve\/index.php\/wp-json\/wp\/v2\/tags?post=56689"}],"curies":[{"name":"wp","href":"https:\/\/api.w.org\/{rel}","templated":true}]}}