{"id":56797,"date":"2024-02-27T07:51:18","date_gmt":"2024-02-27T11:51:18","guid":{"rendered":"https:\/\/inces.gob.ve\/?p=56797"},"modified":"2024-02-27T11:39:00","modified_gmt":"2024-02-27T15:39:00","slug":"la-emci-del-inces-estrena-hoy-sus-dos-cortometrajes","status":"publish","type":"post","link":"https:\/\/inces.gob.ve\/index.php\/2024\/02\/27\/la-emci-del-inces-estrena-hoy-sus-dos-cortometrajes\/","title":{"rendered":"La EMCI del Inces estrena hoy sus dos cortometrajes"},"content":{"rendered":"<p><span style=\"font-family: helvetica, arial, sans-serif; font-size: 14pt;\"><img loading=\"lazy\" decoding=\"async\" class=\"aligncenter wp-image-56798 size-full\" src=\"https:\/\/inces.gob.ve\/wp-content\/uploads\/2024\/02\/CO-4735_page-0010.jpg\" alt=\"\" width=\"1684\" height=\"1594\" srcset=\"https:\/\/inces.gob.ve\/wp-content\/uploads\/2024\/02\/CO-4735_page-0010.jpg 1684w, https:\/\/inces.gob.ve\/wp-content\/uploads\/2024\/02\/CO-4735_page-0010-300x284.jpg 300w, https:\/\/inces.gob.ve\/wp-content\/uploads\/2024\/02\/CO-4735_page-0010-1024x969.jpg 1024w, https:\/\/inces.gob.ve\/wp-content\/uploads\/2024\/02\/CO-4735_page-0010-768x727.jpg 768w, https:\/\/inces.gob.ve\/wp-content\/uploads\/2024\/02\/CO-4735_page-0010-1536x1454.jpg 1536w\" sizes=\"auto, (max-width: 1684px) 100vw, 1684px\" \/><\/span><\/p>\n<p>&nbsp;<\/p>\n<p>&nbsp;<\/p>\n<p>&nbsp;<\/p>\n<p><em><span style=\"font-weight: 400; font-family: helvetica, arial, sans-serif; font-size: 14pt;\">La funci\u00f3n de entrada gratuita ser\u00e1 hoy en el Cine Cipreses<\/span><\/em><\/p>\n<p><span style=\"font-size: 18pt;\"><strong><span style=\"font-family: helvetica, arial, sans-serif;\">La EMCI del Inces estrena hoy sus dos primeros cortometrajes<\/span><\/strong><\/span><\/p>\n<p><em><span style=\"font-family: helvetica, arial, sans-serif; font-size: 14pt;\"><span style=\"font-weight: 400;\">\u00a0Las historias tituladas <\/span><strong>Elena y Hotel Limbo<\/strong><span style=\"font-weight: 400;\"> son las primeras producciones cinematogr\u00e1ficas que surgen de esta instancia del Instituto Nacional de Capacitaci\u00f3n y Educaci\u00f3n Socialista<\/span><\/span><\/em><\/p>\n<p>&nbsp;<\/p>\n<p><span style=\"font-weight: 400; font-family: helvetica, arial, sans-serif; font-size: 14pt;\">T\/Luis Jes\u00fas Gonz\u00e1lez Cova<\/span><\/p>\n<p><span style=\"font-weight: 400; font-family: helvetica, arial, sans-serif; font-size: 14pt;\">F\/Cortes\u00eda Prensa Inces<\/span><\/p>\n<p><span style=\"font-weight: 400; font-family: helvetica, arial, sans-serif; font-size: 14pt;\">Caracas<\/span><\/p>\n<p>&nbsp;<\/p>\n<p><span style=\"font-family: helvetica, arial, sans-serif; font-size: 14pt;\"><span style=\"font-weight: 400;\">Hoy lunes 26 de febrero, a partir de las tres de la tarde, la Escuela de Medios y Comunicaciones (EMCI) del Inces\u00a0 presentar\u00e1 los cortometrajes <\/span><i><span style=\"font-weight: 400;\">Elena<\/span><\/i><span style=\"font-weight: 400;\"> y <\/span><i><span style=\"font-weight: 400;\">Hotel Limbo<\/span><\/i><span style=\"font-weight: 400;\">, en la pantalla del Cine Cipreses, ubicado frente al Teatro Nacional, sobre la Av. Lecuna, en Caracas. Ser\u00e1 una funci\u00f3n \u00fanica con entrada completamente gratuita para el p\u00fablico en general.<\/span><\/span><\/p>\n<p>&nbsp;<\/p>\n<p><span style=\"font-weight: 400; font-family: helvetica, arial, sans-serif; font-size: 14pt;\">Estas dos cortometrajes, ambos de ficci\u00f3n, son las dos primeras producciones cinematogr\u00e1ficas que emergen de los procesos de formaci\u00f3n de la EMCI Inces, una iniciativa que se inici\u00f3 en 2022 con la intenci\u00f3n de ense\u00f1ar a la poblaci\u00f3n a manejar las herramientas de comunicaci\u00f3n, con \u00e9nfasis en las nuevas plataformas, pero sin descuidar los medios tradicionales como radio tv y, por supuesto, el cine.<\/span><\/p>\n<p>&nbsp;<\/p>\n<p><span style=\"font-family: helvetica, arial, sans-serif; font-size: 14pt;\"><span style=\"font-weight: 400;\">En conversaci\u00f3n con el Correo del Orinoco, el coordinador general de la EMCI del Inces, Winder Rivero, explic\u00f3 que tanto <\/span><i><span style=\"font-weight: 400;\">Elena<\/span><\/i><span style=\"font-weight: 400;\"> como <\/span><i><span style=\"font-weight: 400;\">Hotel Limbo<\/span><\/i><span style=\"font-weight: 400;\"> se realizaron, desde la idea y escritura de gui\u00f3n hasta el proceso de rodaje, solo con la participaci\u00f3n, en las \u00e1reas t\u00e9cnicas, de 16 integrantes de un curso integral de tres meses de duraci\u00f3n que se desarroll\u00f3 desde noviembre de 2023 hasta enero de este a\u00f1o.<\/span><\/span><\/p>\n<p>&nbsp;<\/p>\n<p><span style=\"font-family: helvetica, arial, sans-serif; font-size: 14pt;\"><span style=\"font-weight: 400;\">Adem\u00e1s, si bien la posproducci\u00f3n de <\/span><i><span style=\"font-weight: 400;\">Elena<\/span><\/i><span style=\"font-weight: 400;\"> la realiz\u00f3 efectivamente Fernando Chac\u00f3n, de la gerencia de comunicaci\u00f3n y relaciones del Inces, y Yumare Collao (colaborador externo) la de <\/span><i><span style=\"font-weight: 400;\">Hotel Limbo<\/span><\/i><span style=\"font-weight: 400;\">, en esta etapa tambi\u00e9n intervinieron los participantes del taller, especialmente los directores de cada propuesta, Luz Cornejo (<\/span><i><span style=\"font-weight: 400;\">Elena<\/span><\/i><span style=\"font-weight: 400;\">) y Gabriel Alfonzo (<\/span><i><span style=\"font-weight: 400;\">Hotel Limbo<\/span><\/i><span style=\"font-weight: 400;\">).<\/span><\/span><\/p>\n<p>&nbsp;<\/p>\n<p><span style=\"font-family: helvetica, arial, sans-serif; font-size: 14pt;\"><span style=\"font-weight: 400;\">El equipo de int\u00e9rpretes se conform\u00f3 con personal del Inces entre quienes se cuentan Nahiti Ortega (Protagonista en <\/span><i><span style=\"font-weight: 400;\">Elena<\/span><\/i><span style=\"font-weight: 400;\">), una experimentada exponente de danzas tradicionales con una amplia trayectoria dentro de la emblem\u00e1tica agrupaci\u00f3n Vasallos de Venezuela y Longina Tovar (Carmen en el cortometraje <\/span><i><span style=\"font-weight: 400;\">Elena<\/span><\/i><span style=\"font-weight: 400;\">) quien tiene experiencia en el teatro.<\/span><\/span><\/p>\n<p>&nbsp;<\/p>\n<p><span style=\"font-family: helvetica, arial, sans-serif; font-size: 14pt;\"><span style=\"font-weight: 400;\">En el caso de <\/span><i><span style=\"font-weight: 400;\">Hotel Limbo<\/span><\/i><span style=\"font-weight: 400;\"> tambi\u00e9n participaron actores profesionales como Jonathan Chan, Cherry Tovar y Yordano Marquina. Adem\u00e1s,\u00a0 este equipo tuvo como coach de actores al reconocido int\u00e9rprete, egresado de la Unearte, Theylor Plaza.<\/span><\/span><\/p>\n<p>&nbsp;<\/p>\n<p><span style=\"font-family: helvetica, arial, sans-serif; font-size: 14pt;\"><span style=\"font-weight: 400;\">Incluso los espacios del Inces sirvieron como locaciones para estas dos producciones de corta duraci\u00f3n. As\u00ed el Hotel Escuela Hugo Ch\u00e1vez del Inces Caricuao se intervino para convertirlo en el <\/span><i><span style=\"font-weight: 400;\">Hotel Limbo<\/span><\/i><span style=\"font-weight: 400;\">, mientras que <\/span><i><span style=\"font-weight: 400;\">Elena<\/span><\/i><span style=\"font-weight: 400;\"> se rod\u00f3 el la sede principal de la instituci\u00f3n educativa, ubicada en la avenida Nueva Granada, en el Centro de Formaci\u00f3n Gastron\u00f3mica Wad\u00e4ka, en Los Cortijos de Lourdes y algunos exteriores.<\/span><\/span><\/p>\n<p>&nbsp;<\/p>\n<p><span style=\"font-weight: 400; font-family: helvetica, arial, sans-serif; font-size: 14pt;\">Rivero cont\u00f3 que, desde un principio, la EMCI del Inces abri\u00f3 con talleres orientados al marketing digital y comunicaci\u00f3n para redes sociales. Igualmente se han impartido talleres sobre disciplinas vinculadas a la radio y la televisi\u00f3n.<\/span><\/p>\n<p>&nbsp;<\/p>\n<p><span style=\"font-weight: 400; font-family: helvetica, arial, sans-serif; font-size: 14pt;\">Pero en el \u00e1rea cinematogr\u00e1fica, hasta ahora, no se hab\u00eda hecho nada. \u201cY en la gerencia de comunicaci\u00f3n y relaciones, junto con el equipo de la EMCI decidimos realizar un taller integral de cinematograf\u00eda, siempre con la intenci\u00f3n de generar un producto audiovisual realizado por los estudiantes\u201d,confirm\u00f3 Winder Rivero.<\/span><\/p>\n<p>&nbsp;<\/p>\n<p><span style=\"font-weight: 400; font-family: helvetica, arial, sans-serif; font-size: 14pt;\">El proceso de formaci\u00f3n se dividi\u00f3 en tres m\u00f3dulos te\u00f3ricos sobre los temas de guion, producci\u00f3n y direcci\u00f3n. Esto se enriqueci\u00f3 con clases magistrales para cubrir otras \u00e1reas como manejo de c\u00e1mara, efectos especiales con maquillaje, y sonido, entre otras disciplinas t\u00e9cnicas. El equipo de facilitadores se configur\u00f3 con la participaci\u00f3n de la periodista y guionista Veruscka Cavallaro, el productor Ricardo Martinez y el realizador Eduardo Rivas\u00a0<\/span><\/p>\n<p>&nbsp;<\/p>\n<p><span style=\"font-weight: 400; font-family: helvetica, arial, sans-serif; font-size: 14pt;\">En un principio surgieron cinco ideas de las cuales se escogieron dos para terminarlas de desarrollar y que ahora se van a presentar en la gran pantalla<\/span><\/p>\n<p>&nbsp;<\/p>\n<p><span style=\"font-family: helvetica, arial, sans-serif; font-size: 14pt;\"><b>LOS CUENTOS<\/b><\/span><\/p>\n<p><span style=\"font-family: helvetica, arial, sans-serif; font-size: 14pt;\"><b>DE LAS HISTORIAS<\/b><\/span><\/p>\n<p>&nbsp;<\/p>\n<p><span style=\"font-family: helvetica, arial, sans-serif; font-size: 14pt;\"><span style=\"font-weight: 400;\">En <\/span><i><span style=\"font-weight: 400;\">Elena<\/span><\/i><span style=\"font-weight: 400;\"> se cuenta una historia de superaci\u00f3n. Se trata de una mujer que por nuevas disposiciones laborales es despedida y se ve obligada a enfrentar las dificultades de emprender su propio negocios, para lo cual recurre al programa de formaci\u00f3n profesional que imparten en el Inces.<\/span><\/span><\/p>\n<p>&nbsp;<\/p>\n<p><span style=\"font-family: helvetica, arial, sans-serif; font-size: 14pt;\"><span style=\"font-weight: 400;\">En el caso de <\/span><i><span style=\"font-weight: 400;\">Hotel Limbo<\/span><\/i><span style=\"font-weight: 400;\">, la historia se despoja del componente institucional para echar el cuento de un lugar a donde van las personas que mueren para juzgar el comportamiento que tuvieron a lo largo de sus vidas y en funci\u00f3n del bien o el mal que han hecho van al cielo, al infierno o vuelven a nacer.<\/span><\/span><\/p>\n<p>&nbsp;<\/p>\n<p><span style=\"font-weight: 400; font-family: helvetica, arial, sans-serif; font-size: 14pt;\">De acuerdo a Rivero, ambas producciones superaron las expectativas en cuanto a la calidad de producci\u00f3n. No obstante mantienen un perfil propio de una etapa de formaci\u00f3n. Est\u00e1 previsto que ambos cortometrajes se postulen en las categor\u00edas estudiantiles de diversos festivales nacionales e internacionales antes de ponerlos a disposici\u00f3n del p\u00fablico en el canal de YouTube del Inces.<\/span><\/p>\n<p>&nbsp;<\/p>\n<p><span style=\"font-weight: 400; font-family: helvetica, arial, sans-serif; font-size: 14pt;\">A parte de las proyecciones, el evento servir\u00e1 para entrar los certificados Inces no solamente a quienes realizaron esos cortometrajes sino adem\u00e1s a los ni\u00f1os de Vive TV que recibieron el a\u00f1o pasado un programa de formaci\u00f3n, en los espacios del canal, por parte de la EMCI Inces, adem\u00e1s de los participantes de un Taller de Escenograf\u00eda y Montaje.<\/span><\/p>\n","protected":false},"excerpt":{"rendered":"<p>&nbsp; &nbsp; &nbsp; La funci\u00f3n de entrada gratuita ser\u00e1 hoy en el Cine Cipreses La EMCI del Inces estrena hoy sus dos primeros cortometrajes \u00a0Las historias tituladas Elena y Hotel Limbo son las primeras producciones cinematogr\u00e1ficas que surgen de esta instancia del Instituto Nacional de Capacitaci\u00f3n y Educaci\u00f3n Socialista &nbsp; T\/Luis Jes\u00fas Gonz\u00e1lez Cova F\/Cortes\u00eda [&hellip;]<\/p>\n","protected":false},"author":4,"featured_media":56799,"comment_status":"closed","ping_status":"closed","sticky":false,"template":"","format":"standard","meta":{"footnotes":""},"categories":[2],"tags":[],"class_list":["post-56797","post","type-post","status-publish","format-standard","has-post-thumbnail","hentry","category-blog"],"_links":{"self":[{"href":"https:\/\/inces.gob.ve\/index.php\/wp-json\/wp\/v2\/posts\/56797","targetHints":{"allow":["GET"]}}],"collection":[{"href":"https:\/\/inces.gob.ve\/index.php\/wp-json\/wp\/v2\/posts"}],"about":[{"href":"https:\/\/inces.gob.ve\/index.php\/wp-json\/wp\/v2\/types\/post"}],"author":[{"embeddable":true,"href":"https:\/\/inces.gob.ve\/index.php\/wp-json\/wp\/v2\/users\/4"}],"replies":[{"embeddable":true,"href":"https:\/\/inces.gob.ve\/index.php\/wp-json\/wp\/v2\/comments?post=56797"}],"version-history":[{"count":3,"href":"https:\/\/inces.gob.ve\/index.php\/wp-json\/wp\/v2\/posts\/56797\/revisions"}],"predecessor-version":[{"id":56802,"href":"https:\/\/inces.gob.ve\/index.php\/wp-json\/wp\/v2\/posts\/56797\/revisions\/56802"}],"wp:featuredmedia":[{"embeddable":true,"href":"https:\/\/inces.gob.ve\/index.php\/wp-json\/wp\/v2\/media\/56799"}],"wp:attachment":[{"href":"https:\/\/inces.gob.ve\/index.php\/wp-json\/wp\/v2\/media?parent=56797"}],"wp:term":[{"taxonomy":"category","embeddable":true,"href":"https:\/\/inces.gob.ve\/index.php\/wp-json\/wp\/v2\/categories?post=56797"},{"taxonomy":"post_tag","embeddable":true,"href":"https:\/\/inces.gob.ve\/index.php\/wp-json\/wp\/v2\/tags?post=56797"}],"curies":[{"name":"wp","href":"https:\/\/api.w.org\/{rel}","templated":true}]}}