{"id":56833,"date":"2024-02-26T12:03:11","date_gmt":"2024-02-26T16:03:11","guid":{"rendered":"https:\/\/inces.gob.ve\/?p=56833"},"modified":"2024-02-26T12:23:05","modified_gmt":"2024-02-26T16:23:05","slug":"apure-el-centro-de-formacion-socialista-san-fernando-inicio-formacion-de-administracion-de-recursos-humanos","status":"publish","type":"post","link":"https:\/\/inces.gob.ve\/index.php\/2024\/02\/26\/apure-el-centro-de-formacion-socialista-san-fernando-inicio-formacion-de-administracion-de-recursos-humanos\/","title":{"rendered":"APURE | El centro de formaci\u00f3n socialista San Fernando inici\u00f3 formaci\u00f3n de Administraci\u00f3n de Recursos Humanos"},"content":{"rendered":"<p style=\"text-align: justify;\"><em><strong>*<span style=\"font-family: helvetica, arial, sans-serif; font-size: 14pt;\">* 65 personas se formar\u00e1n en la Gerencia Regional del Instituto Nacional de Capacitaci\u00f3n y Educaci\u00f3n Socialista (Inces)<\/span><\/strong><\/em><!--more--><\/p>\n<p style=\"text-align: justify;\"><span style=\"font-family: helvetica, arial, sans-serif; font-size: 14pt;\">Durante el inicio de la formaci\u00f3n, se dio a conocer a los participantes de la formaci\u00f3n de \u00a0la Administraci\u00f3n de Recursos Humanos el perfil Secretariado Ejecutivo, adem\u00e1s, se abordaron diversas interrogantes relacionadas con el tema, las formaciones y la modalidad de atenci\u00f3n.<\/span><\/p>\n<p><span style=\"font-family: helvetica, arial, sans-serif; font-size: 14pt;\">La formaci\u00f3n est\u00e1 enfocada en que el participante conozca qu\u00e9 es la Administraci\u00f3n de Recursos Humanos, capacit\u00e1ndose en el proceso de regulaci\u00f3n del recurso humano dentro de la entidad de trabajo, garantizando su ubicaci\u00f3n seg\u00fan sus capacidades y los requerimientos del cargo, a su vez, conocer su importancia, los criterios de convivencia, responsabilidades, trabajo en equipo, respeto y los nuevos m\u00e9todos de trabajo eficiente y nuevas tecnolog\u00edas.<\/span><\/p>\n<p><span style=\"font-family: helvetica, arial, sans-serif; font-size: 14pt;\">Es de \u00a0resaltar, que las formaciones son presenciales y totalmente gratuitas demostrando el compromiso y dedicaci\u00f3n de la casa formativa en el proceso de aprendizaje.<\/span><\/p>\n","protected":false},"excerpt":{"rendered":"<p>** 65 personas se formar\u00e1n en la Gerencia Regional del Instituto Nacional de Capacitaci\u00f3n y Educaci\u00f3n Socialista (Inces)<\/p>\n","protected":false},"author":15,"featured_media":56834,"comment_status":"closed","ping_status":"closed","sticky":false,"template":"","format":"standard","meta":{"footnotes":""},"categories":[2],"tags":[],"class_list":["post-56833","post","type-post","status-publish","format-standard","has-post-thumbnail","hentry","category-blog"],"_links":{"self":[{"href":"https:\/\/inces.gob.ve\/index.php\/wp-json\/wp\/v2\/posts\/56833","targetHints":{"allow":["GET"]}}],"collection":[{"href":"https:\/\/inces.gob.ve\/index.php\/wp-json\/wp\/v2\/posts"}],"about":[{"href":"https:\/\/inces.gob.ve\/index.php\/wp-json\/wp\/v2\/types\/post"}],"author":[{"embeddable":true,"href":"https:\/\/inces.gob.ve\/index.php\/wp-json\/wp\/v2\/users\/15"}],"replies":[{"embeddable":true,"href":"https:\/\/inces.gob.ve\/index.php\/wp-json\/wp\/v2\/comments?post=56833"}],"version-history":[{"count":1,"href":"https:\/\/inces.gob.ve\/index.php\/wp-json\/wp\/v2\/posts\/56833\/revisions"}],"predecessor-version":[{"id":56836,"href":"https:\/\/inces.gob.ve\/index.php\/wp-json\/wp\/v2\/posts\/56833\/revisions\/56836"}],"wp:featuredmedia":[{"embeddable":true,"href":"https:\/\/inces.gob.ve\/index.php\/wp-json\/wp\/v2\/media\/56834"}],"wp:attachment":[{"href":"https:\/\/inces.gob.ve\/index.php\/wp-json\/wp\/v2\/media?parent=56833"}],"wp:term":[{"taxonomy":"category","embeddable":true,"href":"https:\/\/inces.gob.ve\/index.php\/wp-json\/wp\/v2\/categories?post=56833"},{"taxonomy":"post_tag","embeddable":true,"href":"https:\/\/inces.gob.ve\/index.php\/wp-json\/wp\/v2\/tags?post=56833"}],"curies":[{"name":"wp","href":"https:\/\/api.w.org\/{rel}","templated":true}]}}