{"id":56869,"date":"2024-02-27T13:41:19","date_gmt":"2024-02-27T17:41:19","guid":{"rendered":"https:\/\/inces.gob.ve\/?p=56869"},"modified":"2024-10-15T11:48:05","modified_gmt":"2024-10-15T15:48:05","slug":"aragua-cfs-bermudez-y-construccion-brindaron-apoyo-para-la-entrega-de-ayudas-tecnicas-en-la-region","status":"publish","type":"post","link":"https:\/\/inces.gob.ve\/index.php\/2024\/02\/27\/aragua-cfs-bermudez-y-construccion-brindaron-apoyo-para-la-entrega-de-ayudas-tecnicas-en-la-region\/","title":{"rendered":"ARAGUA | CFS Berm\u00fadez y Construcci\u00f3n brindaron apoy\u00f3 para la entrega de ayudas t\u00e9cnicas en la regi\u00f3n"},"content":{"rendered":"<div id=\":y8\" class=\"ii gt\">\n<div id=\":y9\" class=\"a3s aiL \">\n<div dir=\"ltr\">\n<div class=\"gmail_quote\">\n<div dir=\"auto\">\n<div dir=\"auto\" style=\"text-align: justify;\"><em><strong><span style=\"font-family: helvetica, arial, sans-serif; font-size: 14pt;\">** En reuni\u00f3n con los jefes de comunidades se apoy\u00f3 a las personas que realizaron solicitudes a trav\u00e9s de la aplicaci\u00f3n VEN APP y el Sistema 1&#215;10 del Buen Gobierno de la Patria\u00a0<\/span><\/strong><\/em><\/div>\n<\/div>\n<\/div>\n<\/div>\n<\/div>\n<\/div>\n<p><!--more--><\/p>\n<div dir=\"auto\"><\/div>\n<div id=\":y8\" class=\"ii gt\">\n<div id=\":y9\" class=\"a3s aiL \">\n<div dir=\"ltr\">\n<div class=\"gmail_quote\">\n<div dir=\"auto\" style=\"text-align: justify;\"><\/div>\n<div dir=\"auto\">\n<div dir=\"auto\" style=\"text-align: justify;\"><span style=\"font-family: helvetica, arial, sans-serif; font-size: 14pt;\">Ninoska Patriz<\/span><\/div>\n<div dir=\"auto\" style=\"text-align: justify;\"><\/div>\n<div dir=\"auto\" style=\"text-align: justify;\"><span style=\"font-family: helvetica, arial, sans-serif; font-size: 14pt;\">Siguiendo orientaciones del presidente Nicol\u00e1s Maduro, en enlace con los jefes de UBCH y Unidades Educativas desde los municipios Girardot y Mario Brice\u00f1o Iragorry se contribuy\u00f3 a regresar la sonrisa a ni\u00f1os, ni\u00f1as, j\u00f3venes, adultos y adultos mayores con discapacidad cumpliendo con la asistencia a los beneficiarios correspondientes.<\/span><\/div>\n<div dir=\"auto\" style=\"text-align: justify;\"><\/div>\n<div dir=\"auto\" style=\"text-align: justify;\"><span style=\"font-family: helvetica, arial, sans-serif; font-size: 14pt;\">Durante la actividad se seleccionaron los dispositivos o herramientas seg\u00fan las solicitudes de las personas en cuesti\u00f3n con la finalidad de complementar su desempe\u00f1o, suplir sus necesidades o facilitar su vida en ambos Centros de Formaci\u00f3n Socialista.<\/span><\/div>\n<div dir=\"auto\" style=\"text-align: justify;\"><\/div>\n<div dir=\"auto\" style=\"text-align: justify;\"><span style=\"font-family: helvetica, arial, sans-serif; font-size: 14pt;\">Al mismo tiempo se realiz\u00f3 balance de Importancia del 1\u00d710 del Buen Gobierno donde se discutieron elementos como:<\/span><\/div>\n<div dir=\"auto\" style=\"text-align: justify;\"><\/div>\n<div dir=\"auto\" style=\"text-align: justify;\"><span style=\"font-family: helvetica, arial, sans-serif; font-size: 14pt;\"><img decoding=\"async\" class=\"an1\" src=\"https:\/\/fonts.gstatic.com\/s\/e\/notoemoji\/15.0\/2666_fe0f\/32.png\" alt=\"\u2666\ufe0f\" data-emoji=\"\u2666\ufe0f\" aria-label=\"\u2666\ufe0f\" \/>Plan de Canchas de Ayudas T\u00e9cnicas<\/span><\/div>\n<div dir=\"auto\" style=\"text-align: justify;\"><span style=\"font-family: helvetica, arial, sans-serif; font-size: 14pt;\"><img decoding=\"async\" class=\"an1\" src=\"https:\/\/fonts.gstatic.com\/s\/e\/notoemoji\/15.0\/2666_fe0f\/32.png\" alt=\"\u2666\ufe0f\" data-emoji=\"\u2666\ufe0f\" aria-label=\"\u2666\ufe0f\" \/> Encuentro Cuba &amp; Venezuela (hospedaje)<\/span><\/div>\n<div dir=\"auto\" style=\"text-align: justify;\"><span style=\"font-family: helvetica, arial, sans-serif; font-size: 14pt;\"><img decoding=\"async\" class=\"an1\" src=\"https:\/\/fonts.gstatic.com\/s\/e\/notoemoji\/15.0\/2666_fe0f\/32.png\" alt=\"\u2666\ufe0f\" data-emoji=\"\u2666\ufe0f\" aria-label=\"\u2666\ufe0f\" \/> Percepci\u00f3n del Plan de Recolecci\u00f3n de Basura y Desechos S\u00f3lidos<\/span><\/div>\n<div dir=\"auto\" style=\"text-align: justify;\"><span style=\"font-family: helvetica, arial, sans-serif; font-size: 14pt;\"><img decoding=\"async\" class=\"an1\" src=\"https:\/\/fonts.gstatic.com\/s\/e\/notoemoji\/15.0\/2666_fe0f\/32.png\" alt=\"\u2666\ufe0f\" data-emoji=\"\u2666\ufe0f\" aria-label=\"\u2666\ufe0f\" \/>\u00a0Avance del Plan de Trabajo, en lo Pol\u00edtico, Social, Formativo y Cultural\u00a0<\/span><\/div>\n<div dir=\"auto\" style=\"text-align: justify;\"><span style=\"font-family: helvetica, arial, sans-serif; font-size: 14pt;\"><img decoding=\"async\" class=\"an1\" src=\"https:\/\/fonts.gstatic.com\/s\/e\/notoemoji\/15.0\/2666_fe0f\/32.png\" alt=\"\u2666\ufe0f\" data-emoji=\"\u2666\ufe0f\" aria-label=\"\u2666\ufe0f\" \/> Menci\u00f3n de la Madrina del estado Aragua Yelitze Santaella<\/span><\/div>\n<div dir=\"auto\" style=\"text-align: justify;\"><span style=\"font-family: helvetica, arial, sans-serif; font-size: 14pt;\"><img decoding=\"async\" class=\"an1\" src=\"https:\/\/fonts.gstatic.com\/s\/e\/notoemoji\/15.0\/2666_fe0f\/32.png\" alt=\"\u2666\ufe0f\" data-emoji=\"\u2666\ufe0f\" aria-label=\"\u2666\ufe0f\" \/> Invitaci\u00f3n al encuentro con el jefe pol\u00edtico Rafael Morales\u00a0<\/span><\/div>\n<div dir=\"auto\" style=\"text-align: justify;\"><\/div>\n<div dir=\"auto\" style=\"text-align: justify;\"><span style=\"font-family: helvetica, arial, sans-serif; font-size: 14pt;\">Vale destacar que estos avances se realizaron gracias al establecimiento de la primera mesa de trabajo municipal, para la conformaci\u00f3n del comit\u00e9 Municipal para la transformaci\u00f3n econ\u00f3mica, dando cumplimiento a las estrategias gubernamentales, establecidas por el equipo presidencial.<\/span><\/div>\n<div dir=\"auto\" style=\"text-align: justify;\"><\/div>\n<div dir=\"auto\" style=\"text-align: justify;\"><span style=\"font-family: helvetica, arial, sans-serif; font-size: 14pt;\">As\u00ed mismo, se foment\u00f3 la discusi\u00f3n, organizaci\u00f3n, y creaci\u00f3n de agenda de acci\u00f3n, para el debate y desarrollo de las l\u00edneas de transformaci\u00f3n desde la orientaci\u00f3n del Gobierno Nacional y el presidente Nicol\u00e1s Maduro, en la Base de Misiones Hugo Ch\u00e1vez, la Candelaria, alcald\u00eda de Zamora y Ciudad de Barbacoas en el municipio Urdaneta.<\/span><\/div>\n<\/div>\n<div class=\"yj6qo\" style=\"text-align: justify;\"><\/div>\n<\/div>\n<\/div>\n<\/div>\n<\/div>\n<p>&nbsp;<\/p>\n","protected":false},"excerpt":{"rendered":"<p>** En reuni\u00f3n con los jefes de comunidades se apoy\u00f3 a las personas que realizaron solicitudes a trav\u00e9s de la aplicaci\u00f3n VEN APP y el Sistema 1&#215;10 del Buen Gobierno de la Patria\u00a0<\/p>\n","protected":false},"author":15,"featured_media":56875,"comment_status":"closed","ping_status":"closed","sticky":false,"template":"","format":"standard","meta":{"footnotes":""},"categories":[2],"tags":[],"class_list":["post-56869","post","type-post","status-publish","format-standard","has-post-thumbnail","hentry","category-blog"],"_links":{"self":[{"href":"https:\/\/inces.gob.ve\/index.php\/wp-json\/wp\/v2\/posts\/56869","targetHints":{"allow":["GET"]}}],"collection":[{"href":"https:\/\/inces.gob.ve\/index.php\/wp-json\/wp\/v2\/posts"}],"about":[{"href":"https:\/\/inces.gob.ve\/index.php\/wp-json\/wp\/v2\/types\/post"}],"author":[{"embeddable":true,"href":"https:\/\/inces.gob.ve\/index.php\/wp-json\/wp\/v2\/users\/15"}],"replies":[{"embeddable":true,"href":"https:\/\/inces.gob.ve\/index.php\/wp-json\/wp\/v2\/comments?post=56869"}],"version-history":[{"count":2,"href":"https:\/\/inces.gob.ve\/index.php\/wp-json\/wp\/v2\/posts\/56869\/revisions"}],"predecessor-version":[{"id":60348,"href":"https:\/\/inces.gob.ve\/index.php\/wp-json\/wp\/v2\/posts\/56869\/revisions\/60348"}],"wp:featuredmedia":[{"embeddable":true,"href":"https:\/\/inces.gob.ve\/index.php\/wp-json\/wp\/v2\/media\/56875"}],"wp:attachment":[{"href":"https:\/\/inces.gob.ve\/index.php\/wp-json\/wp\/v2\/media?parent=56869"}],"wp:term":[{"taxonomy":"category","embeddable":true,"href":"https:\/\/inces.gob.ve\/index.php\/wp-json\/wp\/v2\/categories?post=56869"},{"taxonomy":"post_tag","embeddable":true,"href":"https:\/\/inces.gob.ve\/index.php\/wp-json\/wp\/v2\/tags?post=56869"}],"curies":[{"name":"wp","href":"https:\/\/api.w.org\/{rel}","templated":true}]}}