{"id":56897,"date":"2024-02-21T16:40:25","date_gmt":"2024-02-21T20:40:25","guid":{"rendered":"https:\/\/inces.gob.ve\/?p=56897"},"modified":"2024-02-27T16:42:34","modified_gmt":"2024-02-27T20:42:34","slug":"guarico-el-inces-de-guarico-participa-en-el-xxiv-festival-carnavales-venezuela-2024-mostacho-fest","status":"publish","type":"post","link":"https:\/\/inces.gob.ve\/index.php\/2024\/02\/21\/guarico-el-inces-de-guarico-participa-en-el-xxiv-festival-carnavales-venezuela-2024-mostacho-fest\/","title":{"rendered":"GU\u00c1RICO | El Inces de Gu\u00e1rico participa en el XXIV Festival Carnavales Venezuela 2024 Mostacho Fest."},"content":{"rendered":"<p><em><strong><span style=\"font-family: helvetica, arial, sans-serif; font-size: 14pt;\">**Llevando alegr\u00eda a los ni\u00f1os, j\u00f3venes y adultos en estos d\u00edas de asueto, el Inces participa en la recreaci\u00f3n y entretenimiento de los temporadistas que dan vida a los puntos de alto impacto tur\u00edstico en todo el pa\u00eds<\/span><\/strong><\/em><!--more--><\/p>\n<p>&nbsp;<\/p>\n<p><strong><span style=\"font-family: helvetica, arial, sans-serif; font-size: 14pt;\">MARIA SANTIAGO<\/span><\/strong><\/p>\n<p>&nbsp;<\/p>\n<p><span style=\"font-weight: 400; font-family: helvetica, arial, sans-serif; font-size: 14pt;\">En los 24 estados de Venezuela se activ\u00f3 el XXIV Festival Carnavales Venezuela 2024 Mostacho Fest, donde la Mesa Nacional de Recreaci\u00f3n para el Vivir Bien, en la que el Inces forma parte con las dem\u00e1s instituciones que la conforman, en uni\u00f3n con el estado, fuerzas de salud y seguridad, realizan el despliegue masivo en los puntos de alto impacto tur\u00edstico y comunitarios para la atenci\u00f3n de m\u00e1s de 4 millones de personas en estos d\u00edas de asueto nacional.<\/span><\/p>\n<p>&nbsp;<\/p>\n<p><span style=\"font-weight: 400; font-family: helvetica, arial, sans-serif; font-size: 14pt;\">Este festival es un evento bandera impulsado por el gobierno bolivariano para el disfrute de las familias venezolanas y los temporadistas que disfrutan de los puntos tur\u00edsticos en las celebraciones carnestolendas.\u00a0<\/span><\/p>\n<p>&nbsp;<\/p>\n<p><span style=\"font-weight: 400; font-family: helvetica, arial, sans-serif; font-size: 14pt;\">De esta manera, el Inces planifica acompa\u00f1ar en las distintas actividades recreativas, culturales y deportivas desde el d\u00eda 9 al 13 de febrero del presente a\u00f1o, enmarcadas en las 7 Transformaciones que apuntan a la recuperaci\u00f3n total de Venezuela rumbo al a\u00f1o 2030 y en las 7 v\u00e9rtices de la Gran Misi\u00f3n Venezuela Joven, brind\u00e1ndole la atenci\u00f3n y protecci\u00f3n pertinente al pueblo.<\/span><\/p>\n<p>&nbsp;<\/p>\n<p><span style=\"font-weight: 400; font-family: helvetica, arial, sans-serif; font-size: 14pt;\">Cumpliendo con las instrucciones del Presidente Constitucional de la Rep\u00fablica, Nicol\u00e1s Maduro y el Ministro del Poder Popular para la Juventud, Mervin Maldonado, de la mano con el Presidente del Inces, Wuikelman Angel Paredes, prosiguen las acciones para llevar felicidad y bienestar a todos los venezolanos.<\/span><\/p>\n","protected":false},"excerpt":{"rendered":"<p>**Llevando alegr\u00eda a los ni\u00f1os, j\u00f3venes y adultos en estos d\u00edas de asueto, el Inces participa en la recreaci\u00f3n y entretenimiento de los temporadistas que dan vida a los puntos de alto impacto tur\u00edstico en todo el pa\u00eds<\/p>\n","protected":false},"author":4,"featured_media":56899,"comment_status":"closed","ping_status":"closed","sticky":false,"template":"","format":"standard","meta":{"footnotes":""},"categories":[2],"tags":[],"class_list":["post-56897","post","type-post","status-publish","format-standard","has-post-thumbnail","hentry","category-blog"],"_links":{"self":[{"href":"https:\/\/inces.gob.ve\/index.php\/wp-json\/wp\/v2\/posts\/56897","targetHints":{"allow":["GET"]}}],"collection":[{"href":"https:\/\/inces.gob.ve\/index.php\/wp-json\/wp\/v2\/posts"}],"about":[{"href":"https:\/\/inces.gob.ve\/index.php\/wp-json\/wp\/v2\/types\/post"}],"author":[{"embeddable":true,"href":"https:\/\/inces.gob.ve\/index.php\/wp-json\/wp\/v2\/users\/4"}],"replies":[{"embeddable":true,"href":"https:\/\/inces.gob.ve\/index.php\/wp-json\/wp\/v2\/comments?post=56897"}],"version-history":[{"count":1,"href":"https:\/\/inces.gob.ve\/index.php\/wp-json\/wp\/v2\/posts\/56897\/revisions"}],"predecessor-version":[{"id":56900,"href":"https:\/\/inces.gob.ve\/index.php\/wp-json\/wp\/v2\/posts\/56897\/revisions\/56900"}],"wp:featuredmedia":[{"embeddable":true,"href":"https:\/\/inces.gob.ve\/index.php\/wp-json\/wp\/v2\/media\/56899"}],"wp:attachment":[{"href":"https:\/\/inces.gob.ve\/index.php\/wp-json\/wp\/v2\/media?parent=56897"}],"wp:term":[{"taxonomy":"category","embeddable":true,"href":"https:\/\/inces.gob.ve\/index.php\/wp-json\/wp\/v2\/categories?post=56897"},{"taxonomy":"post_tag","embeddable":true,"href":"https:\/\/inces.gob.ve\/index.php\/wp-json\/wp\/v2\/tags?post=56897"}],"curies":[{"name":"wp","href":"https:\/\/api.w.org\/{rel}","templated":true}]}}