{"id":56912,"date":"2024-02-27T17:12:18","date_gmt":"2024-02-27T21:12:18","guid":{"rendered":"https:\/\/inces.gob.ve\/?p=56912"},"modified":"2024-02-27T17:13:05","modified_gmt":"2024-02-27T21:13:05","slug":"san-carlos-inces-brinda-formacion-tecnica-a-trabajadores-de-desarrollo-hidraulico-cojedes","status":"publish","type":"post","link":"https:\/\/inces.gob.ve\/index.php\/2024\/02\/27\/san-carlos-inces-brinda-formacion-tecnica-a-trabajadores-de-desarrollo-hidraulico-cojedes\/","title":{"rendered":"SAN CARLOS | Inces brinda formaci\u00f3n t\u00e9cnica a trabajadores de Desarrollo Hidr\u00e1ulico Cojedes"},"content":{"rendered":"<p style=\"text-align: justify;\"><strong><span style=\"font-family: helvetica, arial, sans-serif; font-size: 14pt;\"><em>** Programa adiestramiento en empresas promueve la formaci\u00f3n en entidades p\u00fablicas y privadas de manera sistem\u00e1tica y programada<\/em><\/span><\/strong><!--more--><\/p>\n<p style=\"text-align: justify;\"><span style=\"font-family: helvetica, arial, sans-serif; font-size: 14pt;\"><em>\u00a0<\/em><\/span><\/p>\n<p style=\"text-align: justify;\"><span style=\"font-family: helvetica, arial, sans-serif; font-size: 14pt;\"><strong>SANDRA LOAIZA<\/strong><\/span><\/p>\n<p style=\"text-align: justify;\"><span style=\"font-family: helvetica, arial, sans-serif; font-size: 14pt;\"><strong>F\/ Carlos Hern\u00e1ndez\u00a0<\/strong><\/span><\/p>\n<p style=\"text-align: justify;\"><span style=\"font-family: helvetica, arial, sans-serif; font-size: 14pt;\">La gerencia regional del Inces en el estado Cojedes, a cargo de Lusaldo Rodr\u00edguez, en conjunto con la coordinaci\u00f3n de Adiestramiento en Empresas, dieron inicio a la formaci\u00f3n de la Unidad Curricular Seguridad y Salud Laboral, a un grupo de trabajadores de la entidad de trabajo Desarrollo\u00a0 Hidr\u00e1ulicos Cojedes, C.A.\u00a0 En esta oportunidad se atienden quince trabajadores, en acompa\u00f1amiento con la maestra t\u00e9cnica productiva, Yusleidi Sequera.<\/span><\/p>\n<p style=\"text-align: justify;\"><span style=\"font-family: helvetica, arial, sans-serif; font-size: 14pt;\">En el primer encuentro de los trabajadores con la maestra Sequera se estableci\u00f3 el contenido a desarrollar durante la formaci\u00f3n t\u00e9cnica. En primer lugar, se inici\u00f3 con la historia de la seguridad industrial en Venezuela, los incidentes y accidentes,\u00a0 la pir\u00e1mide Frank Bird, accidentes leves, actos inseguros, la seguridad industrial y la salud laboral.<\/span><\/p>\n<p>&nbsp;<\/p>\n<p style=\"text-align: justify;\"><img loading=\"lazy\" decoding=\"async\" class=\"aligncenter wp-image-56914 size-full\" src=\"https:\/\/inces.gob.ve\/wp-content\/uploads\/2024\/02\/1708622855718.jpg\" alt=\"\" width=\"720\" height=\"720\" srcset=\"https:\/\/inces.gob.ve\/wp-content\/uploads\/2024\/02\/1708622855718.jpg 720w, https:\/\/inces.gob.ve\/wp-content\/uploads\/2024\/02\/1708622855718-300x300.jpg 300w, https:\/\/inces.gob.ve\/wp-content\/uploads\/2024\/02\/1708622855718-150x150.jpg 150w\" sizes=\"auto, (max-width: 720px) 100vw, 720px\" \/><\/p>\n<p style=\"text-align: justify;\"><span style=\"font-family: helvetica, arial, sans-serif; font-size: 14pt;\">Explic\u00f3 la maestra Sequera, que los trabajadores de la entidad de trabajo Desarrollo Hidr\u00e1ulicos Cojedes, se han integrado de manera muy amena y con mucho inter\u00e9s en el tema. Han expuesto sus experiencias y han resaltado que es importante conocer los t\u00e9rminos t\u00e9cnicos, los conceptos y toda la normativa que protege a los trabajadores. Tambi\u00e9n, han expresado que la prevenci\u00f3n es importante tanto para los trabajadores como para las empresas o entidades de trabajo p\u00fablicas y privadas.<\/span><\/p>\n<p style=\"text-align: justify;\"><span style=\"font-family: helvetica, arial, sans-serif; font-size: 14pt;\">Por su parte, la coordinadora del programa Adiestramiento en Empresas, Mar\u00eda Trinidad Ojeda, \u00a0indic\u00f3 que el programa permite atender las necesidades reales en cuanto a formaci\u00f3n t\u00e9cnica de la clase trabajadora. En esta oportunidad, los trabajadores iniciaron una formaci\u00f3n \u00a0que un impacto positivo, tanto para los trabajadores como para la entidad de trabajo, ya que \u00a0les va permitir contralar y bajar los \u00edndices de accidentes e incidentes laborales. \u00a0\u00a0<\/span><\/p>\n<p><strong>\u00a0<\/strong><\/p>\n","protected":false},"excerpt":{"rendered":"<p>** Programa adiestramiento en empresas promueve la formaci\u00f3n en entidades p\u00fablicas y privadas de manera sistem\u00e1tica y programada<\/p>\n","protected":false},"author":15,"featured_media":56914,"comment_status":"closed","ping_status":"closed","sticky":false,"template":"","format":"standard","meta":{"footnotes":""},"categories":[2],"tags":[],"class_list":["post-56912","post","type-post","status-publish","format-standard","has-post-thumbnail","hentry","category-blog"],"_links":{"self":[{"href":"https:\/\/inces.gob.ve\/index.php\/wp-json\/wp\/v2\/posts\/56912","targetHints":{"allow":["GET"]}}],"collection":[{"href":"https:\/\/inces.gob.ve\/index.php\/wp-json\/wp\/v2\/posts"}],"about":[{"href":"https:\/\/inces.gob.ve\/index.php\/wp-json\/wp\/v2\/types\/post"}],"author":[{"embeddable":true,"href":"https:\/\/inces.gob.ve\/index.php\/wp-json\/wp\/v2\/users\/15"}],"replies":[{"embeddable":true,"href":"https:\/\/inces.gob.ve\/index.php\/wp-json\/wp\/v2\/comments?post=56912"}],"version-history":[{"count":2,"href":"https:\/\/inces.gob.ve\/index.php\/wp-json\/wp\/v2\/posts\/56912\/revisions"}],"predecessor-version":[{"id":56916,"href":"https:\/\/inces.gob.ve\/index.php\/wp-json\/wp\/v2\/posts\/56912\/revisions\/56916"}],"wp:featuredmedia":[{"embeddable":true,"href":"https:\/\/inces.gob.ve\/index.php\/wp-json\/wp\/v2\/media\/56914"}],"wp:attachment":[{"href":"https:\/\/inces.gob.ve\/index.php\/wp-json\/wp\/v2\/media?parent=56912"}],"wp:term":[{"taxonomy":"category","embeddable":true,"href":"https:\/\/inces.gob.ve\/index.php\/wp-json\/wp\/v2\/categories?post=56912"},{"taxonomy":"post_tag","embeddable":true,"href":"https:\/\/inces.gob.ve\/index.php\/wp-json\/wp\/v2\/tags?post=56912"}],"curies":[{"name":"wp","href":"https:\/\/api.w.org\/{rel}","templated":true}]}}