{"id":56932,"date":"2024-02-28T16:33:10","date_gmt":"2024-02-28T20:33:10","guid":{"rendered":"https:\/\/inces.gob.ve\/?p=56932"},"modified":"2024-02-28T16:42:42","modified_gmt":"2024-02-28T20:42:42","slug":"centro-de-investigacion-intersaber-organizo-conversatorio-sobre-temas-de-inteligencia-artificial","status":"publish","type":"post","link":"https:\/\/inces.gob.ve\/index.php\/2024\/02\/28\/centro-de-investigacion-intersaber-organizo-conversatorio-sobre-temas-de-inteligencia-artificial\/","title":{"rendered":"Centro de Investigaci\u00f3n Intersaber organiz\u00f3 conversatorio sobre temas de Inteligencia Artificial"},"content":{"rendered":"<div class=\"adn ads\" data-message-id=\"#msg-f:1792174588551689235\" data-legacy-message-id=\"18df154afe1af413\">\n<div class=\"gs\">\n<div class=\"\">\n<div id=\":qw\" class=\"ii gt\">\n<div id=\":qx\" class=\"a3s aiL \"><\/div>\n<\/div>\n<\/div>\n<div class=\"\">\n<div id=\":qw\" class=\"ii gt\">\n<div id=\":qx\" class=\"a3s aiL \">\n<div dir=\"ltr\" style=\"text-align: justify;\">\n<div class=\"yj6qo\" style=\"text-align: justify;\"><span style=\"color: #000000; font-family: helvetica, arial, sans-serif; font-size: 14pt;\"><i><b>*<\/b><\/i><em><strong>* la actividad estuvo conectada v\u00eda zoom con la escuela de formaci\u00f3n pol\u00edtica Antonio Jos\u00e9 de Sucre<\/strong><\/em><\/span><\/div>\n<\/div>\n<\/div>\n<\/div>\n<\/div>\n<\/div>\n<\/div>\n<p style=\"text-align: justify;\"><!--more--><\/p>\n<div class=\"\" style=\"text-align: justify;\">\n<div id=\":qw\" class=\"ii gt\">\n<div id=\":qx\" class=\"a3s aiL \">\n<h3 class=\"iw\"><span class=\"qu\" tabindex=\"-1\" role=\"gridcell\" translate=\"no\"><span class=\"gD\" data-hovercard-id=\"fremarlu67@gmail.com\" data-hovercard-owner-id=\"119\">Freddy Martinez<\/span><\/span><\/h3>\n<p lang=\"es-ES\" style=\"text-align: justify;\" align=\"center\"><span style=\"color: #000000; font-family: helvetica, arial, sans-serif; font-size: 14pt;\">El Centro de Pensamiento Intersaber organiz\u00f3 un conversatorio sobre temas de Inteligencia Artificial asociados al \u00e1mbito del emprendimiento, juventudes, dato inform\u00e1tico y seguridad digital con intervenciones de Carlos Berbec\u00ed, Yakson Verenzuela, Heiser D\u00edaz y Jos\u00e9 Moreno, dirigido a un importante grupo de aprendices Inces y a integrantes del Movimiento de Profesionales y T\u00e9cnicos de la Juventud.<\/span><\/p>\n<p lang=\"es-ES\" align=\"center\">\n<p lang=\"es-ES\" style=\"text-align: justify;\" align=\"center\"><b style=\"color: #000000; font-family: helvetica, arial, sans-serif; font-size: 14pt; text-align: justify;\">Carlos <\/b><b style=\"color: #000000; font-family: helvetica, arial, sans-serif; font-size: 14pt; text-align: justify;\">Berbec\u00ed<\/b><span style=\"color: #000000; font-family: helvetica, arial, sans-serif; font-size: 14pt; text-align: justify;\"> es rector de la Universidad Experimental de las Telecomunicaciones (Uneti),<\/span><b style=\"color: #000000; font-family: helvetica, arial, sans-serif; font-size: 14pt; text-align: justify;\">Heiser <\/b><b style=\"color: #000000; font-family: helvetica, arial, sans-serif; font-size: 14pt; text-align: justify;\">D\u00edaz <\/b><span style=\"color: #000000; font-family: helvetica, arial, sans-serif; font-size: 14pt; text-align: justify;\">es Gerente de Tecnolog\u00eda y Operaciones del Centro de Tecnolog\u00edas de la Informaci\u00f3n (CNTI), <\/span><b style=\"color: #000000; font-family: helvetica, arial, sans-serif; font-size: 14pt; text-align: justify;\">Yakson <\/b><b style=\"color: #000000; font-family: helvetica, arial, sans-serif; font-size: 14pt; text-align: justify;\">Verenzuela, <\/b><span style=\"color: #000000; font-family: helvetica, arial, sans-serif; font-size: 14pt; text-align: justify;\">por su parte, es el director de Investigaci\u00f3n, Formaci\u00f3n y Desarrollo Tecnol\u00f3gico de la Superintendencia de Servicios de Certificaci\u00f3n Electr\u00f3nica (Sucerte) y Jos\u00e9 Moreno dirige el movimiento de profesionales y t\u00e9cnicos de la juventud.<\/span><\/p>\n<p lang=\"es-ES\" align=\"center\">\n<p lang=\"es-ES\" align=\"center\"><img loading=\"lazy\" decoding=\"async\" class=\"aligncenter wp-image-56936 size-full\" src=\"https:\/\/inces.gob.ve\/wp-content\/uploads\/2024\/02\/IMG_20240228_095624-scaled-e1709152366686.jpg\" alt=\"\" width=\"800\" height=\"600\" srcset=\"https:\/\/inces.gob.ve\/wp-content\/uploads\/2024\/02\/IMG_20240228_095624-scaled-e1709152366686.jpg 800w, https:\/\/inces.gob.ve\/wp-content\/uploads\/2024\/02\/IMG_20240228_095624-scaled-e1709152366686-300x225.jpg 300w, https:\/\/inces.gob.ve\/wp-content\/uploads\/2024\/02\/IMG_20240228_095624-scaled-e1709152366686-768x576.jpg 768w, https:\/\/inces.gob.ve\/wp-content\/uploads\/2024\/02\/IMG_20240228_095624-scaled-e1709152366686-136x102.jpg 136w\" sizes=\"auto, (max-width: 800px) 100vw, 800px\" \/><\/p>\n<p lang=\"es-ES\" align=\"center\">\n<\/div>\n<\/div>\n<\/div>\n<div class=\"\">\n<div id=\":qw\" class=\"ii gt\">\n<div id=\":qx\" class=\"a3s aiL \">\n<div dir=\"ltr\" style=\"text-align: justify;\">\n<p lang=\"es-ES\" style=\"text-align: justify;\" align=\"justify\"><span style=\"color: #000000; font-family: helvetica, arial, sans-serif; font-size: 14pt;\">Este valioso grupo de investigadores fue invitado por Luisa Veloz, directora del Centro de Pensamiento Intersaber, quien precis\u00f3 que con este evento el centro que dirige retoma su papel de convocar a expertos de diferentes disciplinas a fin de crear contenidos formativos y l\u00edneas de investigaci\u00f3n para el intercambio con movimientos sociales y grupos de profesionales y t\u00e9cnicos.<\/span><\/p>\n<p lang=\"es-ES\" align=\"justify\">\n<p lang=\"es-ES\" style=\"text-align: justify;\" align=\"justify\"><span style=\"color: #000000; font-family: helvetica, arial, sans-serif; font-size: 14pt;\">Veloz adelant\u00f3 que para este a\u00f1o 2024 el centro Intersaber tiene una programaci\u00f3n amplia en actividades que ya se inici\u00f3 con el mes de la juventud y que contin\u00faa en marzo con un programa orientado al tema mujer y a aspectos que involucran al gremio del sector productivo del pa\u00eds.<\/span><\/p>\n<p lang=\"es-ES\" align=\"justify\">\n<p lang=\"es-ES\" align=\"justify\"><img loading=\"lazy\" decoding=\"async\" class=\"aligncenter wp-image-56935 size-full\" src=\"https:\/\/inces.gob.ve\/wp-content\/uploads\/2024\/02\/luisa-scaled-e1709151720435.jpg\" alt=\"\" width=\"800\" height=\"600\" srcset=\"https:\/\/inces.gob.ve\/wp-content\/uploads\/2024\/02\/luisa-scaled-e1709151720435.jpg 800w, https:\/\/inces.gob.ve\/wp-content\/uploads\/2024\/02\/luisa-scaled-e1709151720435-300x225.jpg 300w, https:\/\/inces.gob.ve\/wp-content\/uploads\/2024\/02\/luisa-scaled-e1709151720435-768x576.jpg 768w, https:\/\/inces.gob.ve\/wp-content\/uploads\/2024\/02\/luisa-scaled-e1709151720435-136x102.jpg 136w\" sizes=\"auto, (max-width: 800px) 100vw, 800px\" \/><\/p>\n<p lang=\"es-ES\" style=\"text-align: justify;\" align=\"justify\"><span style=\"color: #000000; font-family: helvetica, arial, sans-serif; font-size: 14pt;\">Veloz anticip\u00f3 que el Centro a su cargo est\u00e1 planificando una actividad sobre la importancia del grupo Brics, referido a temas de pol\u00edtica internacional, de geopol\u00edtica y temas de integraci\u00f3n econ\u00f3mica.<\/span><\/p>\n<p lang=\"es-ES\" align=\"justify\">\n<p lang=\"es-ES\" style=\"text-align: justify;\" align=\"justify\"><span style=\"color: #000000; font-family: helvetica, arial, sans-serif; font-size: 14pt;\">\u201cDada la importancia sobre los asuntos de integraci\u00f3n econ\u00f3mica, y en el cual nuestro pa\u00eds est\u00e1 inmerso, queremos explorar ese \u00e1mbito de mucha relevancia para este momento marcado por la din\u00e1mica geopol\u00edtica\u201d.<\/span><\/p>\n<p lang=\"es-ES\" align=\"justify\"><img loading=\"lazy\" decoding=\"async\" class=\"aligncenter wp-image-56942 size-large\" src=\"https:\/\/inces.gob.ve\/wp-content\/uploads\/2024\/02\/DSC_8737-1024x685.jpg\" alt=\"\" width=\"640\" height=\"428\" srcset=\"https:\/\/inces.gob.ve\/wp-content\/uploads\/2024\/02\/DSC_8737-1024x685.jpg 1024w, https:\/\/inces.gob.ve\/wp-content\/uploads\/2024\/02\/DSC_8737-300x201.jpg 300w, https:\/\/inces.gob.ve\/wp-content\/uploads\/2024\/02\/DSC_8737-768x514.jpg 768w, https:\/\/inces.gob.ve\/wp-content\/uploads\/2024\/02\/DSC_8737-1536x1028.jpg 1536w, https:\/\/inces.gob.ve\/wp-content\/uploads\/2024\/02\/DSC_8737-2048x1371.jpg 2048w, https:\/\/inces.gob.ve\/wp-content\/uploads\/2024\/02\/DSC_8737-272x182.jpg 272w\" sizes=\"auto, (max-width: 640px) 100vw, 640px\" \/><\/p>\n<p lang=\"es-ES\" align=\"justify\">\n<p lang=\"es-ES\" style=\"text-align: justify;\" align=\"justify\"><span style=\"color: #000000; font-family: helvetica, arial, sans-serif; font-size: 14pt;\">En cuanto al conversatorio y la din\u00e1mica de interacci\u00f3n con los j\u00f3venes presentes en el Sal\u00f3n Santa In\u00e9s del edificio sede del Inces, el profesor Carlos Berbec\u00ed utiliz\u00f3 los recursos tecnol\u00f3gicos de la inteligencia artificial para desarrollar una idea de emprendimiento donde se demostr\u00f3 en pocos minutos cu\u00e1n valiosa es saber utilizar esta herramienta para resolver problemas en la inmediatez del caso.<\/span><\/p>\n<p lang=\"es-ES\" align=\"justify\">\n<\/div>\n<p lang=\"es-ES\" style=\"text-align: justify;\" align=\"justify\"><span style=\"color: #000000; font-family: helvetica, arial, sans-serif; font-size: 14pt;\">Una participante asom\u00f3 la idea de hacer maquillajes como emprendimiento; la IA propuso un nombre, un logo, una campa\u00f1a publicitaria, un dise\u00f1o de franela, una p\u00e1gina web y la difusi\u00f3n de la marca por las redes sociales.<\/span><\/p>\n<p lang=\"es-ES\" align=\"justify\">\n<p lang=\"es-ES\" align=\"justify\">\u00a0<img loading=\"lazy\" decoding=\"async\" class=\"aligncenter wp-image-56943 size-large\" src=\"https:\/\/inces.gob.ve\/wp-content\/uploads\/2024\/02\/DSC_8736-1-1024x685.jpg\" alt=\"\" width=\"640\" height=\"428\" srcset=\"https:\/\/inces.gob.ve\/wp-content\/uploads\/2024\/02\/DSC_8736-1-1024x685.jpg 1024w, https:\/\/inces.gob.ve\/wp-content\/uploads\/2024\/02\/DSC_8736-1-300x201.jpg 300w, https:\/\/inces.gob.ve\/wp-content\/uploads\/2024\/02\/DSC_8736-1-768x514.jpg 768w, https:\/\/inces.gob.ve\/wp-content\/uploads\/2024\/02\/DSC_8736-1-1536x1028.jpg 1536w, https:\/\/inces.gob.ve\/wp-content\/uploads\/2024\/02\/DSC_8736-1-2048x1371.jpg 2048w, https:\/\/inces.gob.ve\/wp-content\/uploads\/2024\/02\/DSC_8736-1-272x182.jpg 272w\" sizes=\"auto, (max-width: 640px) 100vw, 640px\" \/><\/p>\n<p lang=\"es-ES\" align=\"justify\">\n<p lang=\"es-ES\" style=\"text-align: justify;\" align=\"justify\"><span style=\"color: #000000; font-family: helvetica, arial, sans-serif; font-size: 14pt;\">El profesor Berbec\u00ed demostr\u00f3 que esta herramienta est\u00e1 impactando positivamente en todos los \u00e1mbitos de la sociedad. El experto se\u00f1al\u00f3 que aunque los resultados a futuro son impredecibles, la inteligencia artificial es un recurso para desarrollar conceptos orientados a la estructura del conocimiento. <\/span><\/p>\n<\/div>\n<\/div>\n<\/div>\n<p>&nbsp;<\/p>\n<p>&nbsp;<\/p>\n<p>&nbsp;<\/p>\n<p>&nbsp;<\/p>\n<p>&nbsp;<\/p>\n<p>&nbsp;<\/p>\n<p>&nbsp;<\/p>\n<p>&nbsp;<\/p>\n<p>&nbsp;<\/p>\n<div class=\"gA gt acV\">\n<div class=\"gB xu\">\n<div class=\"ip iq\">\n<div id=\":qv\" style=\"text-align: justify;\"><\/div>\n<\/div>\n<\/div>\n<\/div>\n","protected":false},"excerpt":{"rendered":"<p>** la actividad estuvo conectada v\u00eda zoom con la escuela de formaci\u00f3n pol\u00edtica Antonio Jos\u00e9 de Sucre<\/p>\n","protected":false},"author":15,"featured_media":56934,"comment_status":"closed","ping_status":"closed","sticky":false,"template":"","format":"standard","meta":{"footnotes":""},"categories":[2],"tags":[],"class_list":["post-56932","post","type-post","status-publish","format-standard","has-post-thumbnail","hentry","category-blog"],"_links":{"self":[{"href":"https:\/\/inces.gob.ve\/index.php\/wp-json\/wp\/v2\/posts\/56932","targetHints":{"allow":["GET"]}}],"collection":[{"href":"https:\/\/inces.gob.ve\/index.php\/wp-json\/wp\/v2\/posts"}],"about":[{"href":"https:\/\/inces.gob.ve\/index.php\/wp-json\/wp\/v2\/types\/post"}],"author":[{"embeddable":true,"href":"https:\/\/inces.gob.ve\/index.php\/wp-json\/wp\/v2\/users\/15"}],"replies":[{"embeddable":true,"href":"https:\/\/inces.gob.ve\/index.php\/wp-json\/wp\/v2\/comments?post=56932"}],"version-history":[{"count":4,"href":"https:\/\/inces.gob.ve\/index.php\/wp-json\/wp\/v2\/posts\/56932\/revisions"}],"predecessor-version":[{"id":56945,"href":"https:\/\/inces.gob.ve\/index.php\/wp-json\/wp\/v2\/posts\/56932\/revisions\/56945"}],"wp:featuredmedia":[{"embeddable":true,"href":"https:\/\/inces.gob.ve\/index.php\/wp-json\/wp\/v2\/media\/56934"}],"wp:attachment":[{"href":"https:\/\/inces.gob.ve\/index.php\/wp-json\/wp\/v2\/media?parent=56932"}],"wp:term":[{"taxonomy":"category","embeddable":true,"href":"https:\/\/inces.gob.ve\/index.php\/wp-json\/wp\/v2\/categories?post=56932"},{"taxonomy":"post_tag","embeddable":true,"href":"https:\/\/inces.gob.ve\/index.php\/wp-json\/wp\/v2\/tags?post=56932"}],"curies":[{"name":"wp","href":"https:\/\/api.w.org\/{rel}","templated":true}]}}