{"id":56977,"date":"2024-02-23T19:31:36","date_gmt":"2024-02-23T23:31:36","guid":{"rendered":"https:\/\/inces.gob.ve\/?p=56977"},"modified":"2024-03-02T19:33:39","modified_gmt":"2024-03-02T23:33:39","slug":"cojedes-participantes-se-empoderan-de-herramientas-de-marketing-empresarial","status":"publish","type":"post","link":"https:\/\/inces.gob.ve\/index.php\/2024\/02\/23\/cojedes-participantes-se-empoderan-de-herramientas-de-marketing-empresarial\/","title":{"rendered":"COJEDES | Participantes se empoderan de herramientas de marketing empresarial"},"content":{"rendered":"<p style=\"font-weight: 400; text-align: justify;\"><span style=\"font-family: helvetica, arial, sans-serif; font-size: 14pt;\"><em>** Estrat\u00e9gicas y t\u00e1cticas se aplicaron para promocionar la marca de los productos<\/em><\/span><!--more--><\/p>\n<p style=\"font-weight: 400; text-align: justify;\"><span style=\"font-family: helvetica, arial, sans-serif; font-size: 14pt;\"><em>\u00a0<\/em><\/span><\/p>\n<p style=\"font-weight: 400; text-align: justify;\"><span style=\"font-family: helvetica, arial, sans-serif; font-size: 14pt;\">Un nuevo grupo de participantes que se formaron en el Instituto Nacional de Capacitaci\u00f3n y Educaci\u00f3n Socialista (Inces),\u00a0 defendieron tres proyectos de la unidad curricular marketing empresarial. El cierre de la formaci\u00f3n se realiz\u00f3 en el centro de formaci\u00f3n comercial Argimiro Gabald\u00f2n, y estuvo dirigido por la maestra t\u00e9cnico productivo Yolamet Echandia, \u00a0quien orient\u00f3 el contenido en el dise\u00f1o de un producto hasta\u00a0 llegar a la fase la campa\u00f1a publicitaria.<\/span><\/p>\n<p>&nbsp;<\/p>\n<p style=\"font-weight: 400; text-align: justify;\"><span style=\"font-family: helvetica, arial, sans-serif; font-size: 14pt;\">Los participantes hicieron \u00a0demostraci\u00f3n de los emprendimientos y la publicidad en los productos a base de yuca, torta de pan\u00a0 y helados artesanales, en primer lugar se enfocaron en construir una imagen que satisfaga las necesidades de los consumidores, para ello realizaron un estudio de mercado, luego aplicaron las t\u00e9cnicas y\u00a0 estrategias \u00a0para posicionar los productos.<\/span><\/p>\n<p>&nbsp;<\/p>\n<p style=\"font-weight: 400; text-align: justify;\"><span style=\"font-family: helvetica, arial, sans-serif; font-size: 14pt;\">La participante, Isabel Andrade, coment\u00f3 que ha sido muy satisfactorio haber participado en la formaci\u00f3n de marketing empresarial. \u201cCon estos conocimiento he aprendido cosas elementales y necesarias para \u00a0iniciar un emprendimiento, particularmente, puedo decir que esta formaci\u00f3n me ha ayudado en mi crecimiento personal y saber cu\u00e1les son los pasos y las estrat\u00e9gicas de marketing para lograr con \u00e9xitos los proyectos que queramos realizar\u201d.<\/span><\/p>\n<p>&nbsp;<\/p>\n<p style=\"font-weight: 400; text-align: justify;\"><span style=\"font-family: helvetica, arial, sans-serif; font-size: 14pt;\">Al finalizar la maestra explic\u00f3 que se cumplieron los participantes lograron cumplir los objetivos de aprendizaje, quedando demostrado que las unidades curriculares son una excelente herramienta para obtener un perfil productivo.<\/span><\/p>\n","protected":false},"excerpt":{"rendered":"<p>** Estrat\u00e9gicas y t\u00e1cticas se aplicaron para promocionar la marca de los productos<\/p>\n","protected":false},"author":4,"featured_media":43182,"comment_status":"closed","ping_status":"closed","sticky":false,"template":"","format":"standard","meta":{"footnotes":""},"categories":[2],"tags":[],"class_list":["post-56977","post","type-post","status-publish","format-standard","has-post-thumbnail","hentry","category-blog"],"_links":{"self":[{"href":"https:\/\/inces.gob.ve\/index.php\/wp-json\/wp\/v2\/posts\/56977","targetHints":{"allow":["GET"]}}],"collection":[{"href":"https:\/\/inces.gob.ve\/index.php\/wp-json\/wp\/v2\/posts"}],"about":[{"href":"https:\/\/inces.gob.ve\/index.php\/wp-json\/wp\/v2\/types\/post"}],"author":[{"embeddable":true,"href":"https:\/\/inces.gob.ve\/index.php\/wp-json\/wp\/v2\/users\/4"}],"replies":[{"embeddable":true,"href":"https:\/\/inces.gob.ve\/index.php\/wp-json\/wp\/v2\/comments?post=56977"}],"version-history":[{"count":2,"href":"https:\/\/inces.gob.ve\/index.php\/wp-json\/wp\/v2\/posts\/56977\/revisions"}],"predecessor-version":[{"id":56979,"href":"https:\/\/inces.gob.ve\/index.php\/wp-json\/wp\/v2\/posts\/56977\/revisions\/56979"}],"wp:featuredmedia":[{"embeddable":true,"href":"https:\/\/inces.gob.ve\/index.php\/wp-json\/wp\/v2\/media\/43182"}],"wp:attachment":[{"href":"https:\/\/inces.gob.ve\/index.php\/wp-json\/wp\/v2\/media?parent=56977"}],"wp:term":[{"taxonomy":"category","embeddable":true,"href":"https:\/\/inces.gob.ve\/index.php\/wp-json\/wp\/v2\/categories?post=56977"},{"taxonomy":"post_tag","embeddable":true,"href":"https:\/\/inces.gob.ve\/index.php\/wp-json\/wp\/v2\/tags?post=56977"}],"curies":[{"name":"wp","href":"https:\/\/api.w.org\/{rel}","templated":true}]}}