{"id":56996,"date":"2024-02-27T08:38:08","date_gmt":"2024-02-27T12:38:08","guid":{"rendered":"https:\/\/inces.gob.ve\/?p=56996"},"modified":"2024-03-04T08:39:07","modified_gmt":"2024-03-04T12:39:07","slug":"yaracuy-jovenes-con-medidas-educativas-impuestas-por-el-sistema-de-justicia-reciben-capacitacion","status":"publish","type":"post","link":"https:\/\/inces.gob.ve\/index.php\/2024\/02\/27\/yaracuy-jovenes-con-medidas-educativas-impuestas-por-el-sistema-de-justicia-reciben-capacitacion\/","title":{"rendered":"YARACUY | J\u00f3venes con medidas educativas impuestas por el sistema de justicia reciben capacitaci\u00f3n"},"content":{"rendered":"<p style=\"font-weight: 400;\"><strong><em><span style=\"font-family: helvetica, arial, sans-serif; font-size: 14pt;\">***Desde dos ambientes de aprendizaje se llevan a cabo las capacitaciones a los estudiantes con medidas educativas<\/span><\/em><\/strong><!--more--><\/p>\n<p>&nbsp;<\/p>\n<p>&nbsp;<\/p>\n<p style=\"font-weight: 400;\"><span style=\"font-family: helvetica, arial, sans-serif; font-size: 14pt;\"><b>YOLAICE VARGAS<\/b><\/span><\/p>\n<p style=\"font-weight: 400;\"><span style=\"font-family: helvetica, arial, sans-serif; font-size: 14pt;\"> Personal del Instituto Nacional de Capacitaci\u00f3n y Educaci\u00f3n Socialista (Inces), a trav\u00e9s del Programa Luisa C\u00e1ceres de Arismendi (\u00c1mbito Penitenciario), contin\u00faa la atenci\u00f3n en los diferentes centros, con los perfiles laborales; Obrero de Mantenimiento de Espacios P\u00fablicos y Asistente de Cocina, bajo la responsabilidad de los MTP Alcides Heredia y Yurianny Rodr\u00edguez, respectivamente.<\/span><\/p>\n<p>&nbsp;<\/p>\n<p style=\"font-weight: 400;\"><span style=\"font-family: helvetica, arial, sans-serif; font-size: 14pt;\">La primera de estas se lleva a cabo en los espacios de la\u00a0\u00a0Unidad T\u00e9cnica de Supervisi\u00f3n, y la segunda en las instalaciones de la Universidad Nacional Experimental de Yaracuy (UNEY), ambas formaciones van dirigidas a los adolescentes quienes presentan medidas educativas.<\/span><\/p>\n<p>&nbsp;<\/p>\n<p style=\"font-weight: 400;\"><span style=\"font-family: helvetica, arial, sans-serif; font-size: 14pt;\">Es importante mencionar que adem\u00e1s se cumple con el segundo v\u00e9rtice de la Gran Misi\u00f3n Venezuela Mujer, as\u00ed como de la Misi\u00f3n Venezuela Joven, ambas implementadas recientemente por el presidente de la rep\u00fablica de Venezuela Nicol\u00e1s Maduro.<\/span><\/p>\n<p>&nbsp;<\/p>\n<p style=\"font-weight: 400;\"><span style=\"font-family: helvetica, arial, sans-serif; font-size: 14pt;\">Cabe destacar que el Inces trabaja en alianza con las instituciones encargadas de impartir justicia, en aras de brindar apoyo a las personas que en alg\u00fan momento infringieron en hechos punibles o delictivos, y deben cumplir con actividades de car\u00e1cter educativo, como parte de las sanciones impuestas.<\/span><\/p>\n","protected":false},"excerpt":{"rendered":"<p>***Desde dos ambientes de aprendizaje se llevan a cabo las capacitaciones a los estudiantes con medidas educativas<\/p>\n","protected":false},"author":4,"featured_media":56997,"comment_status":"closed","ping_status":"closed","sticky":false,"template":"","format":"standard","meta":{"footnotes":""},"categories":[2],"tags":[],"class_list":["post-56996","post","type-post","status-publish","format-standard","has-post-thumbnail","hentry","category-blog"],"_links":{"self":[{"href":"https:\/\/inces.gob.ve\/index.php\/wp-json\/wp\/v2\/posts\/56996","targetHints":{"allow":["GET"]}}],"collection":[{"href":"https:\/\/inces.gob.ve\/index.php\/wp-json\/wp\/v2\/posts"}],"about":[{"href":"https:\/\/inces.gob.ve\/index.php\/wp-json\/wp\/v2\/types\/post"}],"author":[{"embeddable":true,"href":"https:\/\/inces.gob.ve\/index.php\/wp-json\/wp\/v2\/users\/4"}],"replies":[{"embeddable":true,"href":"https:\/\/inces.gob.ve\/index.php\/wp-json\/wp\/v2\/comments?post=56996"}],"version-history":[{"count":1,"href":"https:\/\/inces.gob.ve\/index.php\/wp-json\/wp\/v2\/posts\/56996\/revisions"}],"predecessor-version":[{"id":56998,"href":"https:\/\/inces.gob.ve\/index.php\/wp-json\/wp\/v2\/posts\/56996\/revisions\/56998"}],"wp:featuredmedia":[{"embeddable":true,"href":"https:\/\/inces.gob.ve\/index.php\/wp-json\/wp\/v2\/media\/56997"}],"wp:attachment":[{"href":"https:\/\/inces.gob.ve\/index.php\/wp-json\/wp\/v2\/media?parent=56996"}],"wp:term":[{"taxonomy":"category","embeddable":true,"href":"https:\/\/inces.gob.ve\/index.php\/wp-json\/wp\/v2\/categories?post=56996"},{"taxonomy":"post_tag","embeddable":true,"href":"https:\/\/inces.gob.ve\/index.php\/wp-json\/wp\/v2\/tags?post=56996"}],"curies":[{"name":"wp","href":"https:\/\/api.w.org\/{rel}","templated":true}]}}