{"id":56999,"date":"2024-02-28T08:50:13","date_gmt":"2024-02-28T12:50:13","guid":{"rendered":"https:\/\/inces.gob.ve\/?p=56999"},"modified":"2024-03-04T08:56:57","modified_gmt":"2024-03-04T12:56:57","slug":"trujillo-el-inces-participo-en-el-reimpulso-de-las-bricomiles","status":"publish","type":"post","link":"https:\/\/inces.gob.ve\/index.php\/2024\/02\/28\/trujillo-el-inces-participo-en-el-reimpulso-de-las-bricomiles\/","title":{"rendered":"TRUJILLO | El Inces particip\u00f3 en el reimpulso de las Bricomiles"},"content":{"rendered":"<p style=\"text-align: justify;\"><em><strong><span style=\"font-family: helvetica, arial, sans-serif; font-size: 14pt;\">** El Instituto Nacional de Capacitaci\u00f3n y Educaci\u00f3n Socialista (Inces) regi\u00f3n Trujillo, ente adscrito al Ministerio del Poder Popular para la Educaci\u00f3n,\u00a0 participa en el reimpulso de las Bricomiles, con el aporte de personal cualificado, de esta forma se fortalecen los procesos de formaci\u00f3n \u00a0y certificaci\u00f3n en el Municipio San Rafael de Carvajal, en la atenci\u00f3n del Liceo Julio S\u00e1nchez Vivas<\/span><\/strong><\/em><!--more--><\/p>\n<p>&nbsp;<\/p>\n<p><span style=\"font-family: helvetica, arial, sans-serif; font-size: 14pt;\">En articulaci\u00f3n con el Centro de Desarrollo por la Calidad Educativa (CDCE), el Inces participa en el reimpulso de las Bricomiles, brindando atenci\u00f3n en cuanto a reparaciones el\u00e9ctricas, detecci\u00f3n de fallas en \u00a0equipos de refrigeraci\u00f3n, reparaci\u00f3n de mesas sillas, herrer\u00eda, entre otros.<\/span><\/p>\n<p>&nbsp;<\/p>\n<p style=\"text-align: justify;\"><span style=\"font-family: helvetica, arial, sans-serif; font-size: 14pt;\">Todo esto se desarroll\u00f3 en el Liceo Julio S\u00e1nchez Vivas del Municipio San Rafael de Carvajal siguiendo las orientaciones de la Ministra de Educaci\u00f3n, Yelitze Santaella; el presidente del Inces, Wuikelman angel; el gobernador del estado, Gerardo M\u00e1rquez y el gerente regional del Inces, Alexis Brice\u00f1o, cohesionado en un solo equipo de gobierno bajo la direccionalidad \u00a0del presidente de la Rep\u00fablica Nicol\u00e1s Maduro Moros.<\/span><\/p>\n<p>&nbsp;<\/p>\n<p style=\"text-align: justify;\"><span style=\"font-family: helvetica, arial, sans-serif; font-size: 14pt;\">En el marco del reimpulso de las Bricomiles en uni\u00f3n c\u00edvico militar se proyecta fortalecer las instalaciones de las instituciones educativas, especialmente las del estado Trujillo.<\/span><\/p>\n<p style=\"text-align: justify;\"><span style=\"font-family: helvetica, arial, sans-serif; font-size: 14pt;\">Finalmente, el despliegue y activaci\u00f3n de la Brigadas les permitir\u00e1 a los CDCE ofrecer las mejores condiciones bajo las cuales se ofrezca una educaci\u00f3n integral y de calidad para \u00a0las ni\u00f1as, ni\u00f1os, adolescentes, j\u00f3venes, adultas y adultos<\/span><\/p>\n","protected":false},"excerpt":{"rendered":"<p>** El Instituto Nacional de Capacitaci\u00f3n y Educaci\u00f3n Socialista (Inces) regi\u00f3n Trujillo, ente adscrito al Ministerio del Poder Popular para la Educaci\u00f3n,\u00a0 participa en el reimpulso de las Bricomiles, con el aporte de personal cualificado, de esta forma se fortalecen los procesos de formaci\u00f3n \u00a0y certificaci\u00f3n en el Municipio San Rafael de Carvajal, en la [&hellip;]<\/p>\n","protected":false},"author":4,"featured_media":57000,"comment_status":"closed","ping_status":"closed","sticky":false,"template":"","format":"standard","meta":{"footnotes":""},"categories":[2],"tags":[],"class_list":["post-56999","post","type-post","status-publish","format-standard","has-post-thumbnail","hentry","category-blog"],"_links":{"self":[{"href":"https:\/\/inces.gob.ve\/index.php\/wp-json\/wp\/v2\/posts\/56999","targetHints":{"allow":["GET"]}}],"collection":[{"href":"https:\/\/inces.gob.ve\/index.php\/wp-json\/wp\/v2\/posts"}],"about":[{"href":"https:\/\/inces.gob.ve\/index.php\/wp-json\/wp\/v2\/types\/post"}],"author":[{"embeddable":true,"href":"https:\/\/inces.gob.ve\/index.php\/wp-json\/wp\/v2\/users\/4"}],"replies":[{"embeddable":true,"href":"https:\/\/inces.gob.ve\/index.php\/wp-json\/wp\/v2\/comments?post=56999"}],"version-history":[{"count":3,"href":"https:\/\/inces.gob.ve\/index.php\/wp-json\/wp\/v2\/posts\/56999\/revisions"}],"predecessor-version":[{"id":57003,"href":"https:\/\/inces.gob.ve\/index.php\/wp-json\/wp\/v2\/posts\/56999\/revisions\/57003"}],"wp:featuredmedia":[{"embeddable":true,"href":"https:\/\/inces.gob.ve\/index.php\/wp-json\/wp\/v2\/media\/57000"}],"wp:attachment":[{"href":"https:\/\/inces.gob.ve\/index.php\/wp-json\/wp\/v2\/media?parent=56999"}],"wp:term":[{"taxonomy":"category","embeddable":true,"href":"https:\/\/inces.gob.ve\/index.php\/wp-json\/wp\/v2\/categories?post=56999"},{"taxonomy":"post_tag","embeddable":true,"href":"https:\/\/inces.gob.ve\/index.php\/wp-json\/wp\/v2\/tags?post=56999"}],"curies":[{"name":"wp","href":"https:\/\/api.w.org\/{rel}","templated":true}]}}