{"id":57009,"date":"2024-02-20T10:28:48","date_gmt":"2024-02-20T14:28:48","guid":{"rendered":"https:\/\/inces.gob.ve\/?p=57009"},"modified":"2024-03-04T10:30:31","modified_gmt":"2024-03-04T14:30:31","slug":"miranda-recorrido-e-inspeccion-de-los-cfs-adscritos-a-la-gerencia-regional","status":"publish","type":"post","link":"https:\/\/inces.gob.ve\/index.php\/2024\/02\/20\/miranda-recorrido-e-inspeccion-de-los-cfs-adscritos-a-la-gerencia-regional\/","title":{"rendered":"MIRANDA | Recorrido e inspecci\u00f3n de los CFS adscritos a la gerencia regional"},"content":{"rendered":"<div dir=\"auto\"><em><strong><span style=\"font-family: helvetica, arial, sans-serif; font-size: 14pt;\">**Continuaremos instruyendo a los j\u00f3venes en sus diferentes programas de formaci\u00f3n t\u00e9cnica profesional<\/span><\/strong><\/em><\/div>\n<p><!--more--><\/p>\n<div dir=\"auto\"><\/div>\n<div dir=\"auto\"><\/div>\n<div dir=\"auto\"><strong><span style=\"font-family: helvetica, arial, sans-serif; font-size: 14pt;\">JEHINFRY AGUIAR\u00a0<\/span><\/strong><\/div>\n<div dir=\"auto\"><\/div>\n<div dir=\"auto\"><span style=\"font-family: helvetica, arial, sans-serif; font-size: 14pt;\">El gerente regional Antonio Monsalve realiz\u00f3 recorridos por las instalaciones del Centro de Formaci\u00f3n Socialista (CFS) Industrial del Este, CFS La Urbina y CFS Electricidad y Electr\u00f3nica \u00abDanilo Anderson\u00bb del eje metropolitano, con el prop\u00f3sito de evidenciar los avances en materia de formaci\u00f3n que ser\u00e1n ejecutados en la entidad Mirandina.<\/span><\/div>\n<div dir=\"auto\"><\/div>\n<div dir=\"auto\"><\/div>\n<div dir=\"auto\"><span style=\"font-family: helvetica, arial, sans-serif; font-size: 14pt;\">La jornada comenz\u00f3 con un recorrido en el CFS Industrial del Este, con las potencialidades en formaci\u00f3n de herrer\u00eda, soldadura, carpinter\u00eda, torner\u00eda y panificaci\u00f3n, la segunda visita al CFS La Urbina, centro especialista de automotriz y por \u00faltimo la visita al CFS Electricidad y Electr\u00f3nica \u00abDanilo Anderson\u00bb con las potencialidades de formaci\u00f3n en dom\u00f3tica, neum\u00e1tica, electricidad, inform\u00e1tica y refrigeraci\u00f3n.<\/span><\/div>\n<div dir=\"auto\"><\/div>\n<div dir=\"auto\"><\/div>\n<div dir=\"auto\"><span style=\"font-family: helvetica, arial, sans-serif; font-size: 14pt;\">Monsalve expres\u00f3: \u00abVamos a seguir fortaleciendo los procesos formativos con la vinculaci\u00f3n de los \u00e1mbitos y la recuperaci\u00f3n de espacios, para continuar instruyendo a los j\u00f3venes en sus diferentes programas de formaci\u00f3n t\u00e9cnica profesional\u00bb.<\/span><\/div>\n<div dir=\"auto\"><\/div>\n<div dir=\"auto\"><\/div>\n<div dir=\"auto\"><span style=\"font-family: helvetica, arial, sans-serif; font-size: 14pt;\">Por otra parte durante la visita del gerente regional, estudiantes de bachillerato productivo contin\u00faan avanzando en su formaci\u00f3n productiva del Inces en el CFS Electricidad y Electr\u00f3nica \u00abDanilo Anderson\u00bb.<\/span><\/div>\n<div dir=\"auto\"><\/div>\n<div dir=\"auto\"><\/div>\n<div dir=\"auto\"><span style=\"font-family: helvetica, arial, sans-serif; font-size: 14pt;\">El programa Bachillerato Productivo, es un programa educativo donde el estudiante adem\u00e1s de obtener su t\u00edtulo de bachiller avalado por el Ministerio del Poder Popular para la Educaci\u00f3n, logra la certificaci\u00f3n de poseer los conocimientos t\u00e9cnicos y profesionales.<\/span><\/div>\n","protected":false},"excerpt":{"rendered":"<p>**Continuaremos instruyendo a los j\u00f3venes en sus diferentes programas de formaci\u00f3n t\u00e9cnica profesional<\/p>\n","protected":false},"author":4,"featured_media":57010,"comment_status":"closed","ping_status":"closed","sticky":false,"template":"","format":"standard","meta":{"footnotes":""},"categories":[2],"tags":[],"class_list":["post-57009","post","type-post","status-publish","format-standard","has-post-thumbnail","hentry","category-blog"],"_links":{"self":[{"href":"https:\/\/inces.gob.ve\/index.php\/wp-json\/wp\/v2\/posts\/57009","targetHints":{"allow":["GET"]}}],"collection":[{"href":"https:\/\/inces.gob.ve\/index.php\/wp-json\/wp\/v2\/posts"}],"about":[{"href":"https:\/\/inces.gob.ve\/index.php\/wp-json\/wp\/v2\/types\/post"}],"author":[{"embeddable":true,"href":"https:\/\/inces.gob.ve\/index.php\/wp-json\/wp\/v2\/users\/4"}],"replies":[{"embeddable":true,"href":"https:\/\/inces.gob.ve\/index.php\/wp-json\/wp\/v2\/comments?post=57009"}],"version-history":[{"count":1,"href":"https:\/\/inces.gob.ve\/index.php\/wp-json\/wp\/v2\/posts\/57009\/revisions"}],"predecessor-version":[{"id":57011,"href":"https:\/\/inces.gob.ve\/index.php\/wp-json\/wp\/v2\/posts\/57009\/revisions\/57011"}],"wp:featuredmedia":[{"embeddable":true,"href":"https:\/\/inces.gob.ve\/index.php\/wp-json\/wp\/v2\/media\/57010"}],"wp:attachment":[{"href":"https:\/\/inces.gob.ve\/index.php\/wp-json\/wp\/v2\/media?parent=57009"}],"wp:term":[{"taxonomy":"category","embeddable":true,"href":"https:\/\/inces.gob.ve\/index.php\/wp-json\/wp\/v2\/categories?post=57009"},{"taxonomy":"post_tag","embeddable":true,"href":"https:\/\/inces.gob.ve\/index.php\/wp-json\/wp\/v2\/tags?post=57009"}],"curies":[{"name":"wp","href":"https:\/\/api.w.org\/{rel}","templated":true}]}}