{"id":57015,"date":"2024-03-04T11:10:13","date_gmt":"2024-03-04T15:10:13","guid":{"rendered":"https:\/\/inces.gob.ve\/?p=57015"},"modified":"2024-03-04T11:11:41","modified_gmt":"2024-03-04T15:11:41","slug":"bolivar-la-gerencia-regional-inces-promueve-la-formacion-tecnica-profesional","status":"publish","type":"post","link":"https:\/\/inces.gob.ve\/index.php\/2024\/03\/04\/bolivar-la-gerencia-regional-inces-promueve-la-formacion-tecnica-profesional\/","title":{"rendered":"BOL\u00cdVAR | La gerencia regional Inces promueve la Formaci\u00f3n T\u00e9cnica Profesional"},"content":{"rendered":"<p dir=\"ltr\" style=\"text-align: justify;\"><em><strong><span style=\"font-family: helvetica, arial, sans-serif; font-size: 14pt;\">**Inces se mantiene en un proceso de transformaci\u00f3n curricular con m\u00e1s de 100 Perfiles productivos para ofrecer al pueblo<\/span><\/strong><\/em><!--more--><\/p>\n<p style=\"text-align: justify;\"><span style=\"color: #000000; font-family: helvetica, arial, sans-serif; font-size: 14pt;\">JOS\u00c9 SU\u00c1REZ<\/span><\/p>\n<p dir=\"ltr\" style=\"text-align: justify;\"><span style=\"font-family: helvetica, arial, sans-serif; font-size: 14pt;\">La Gerencia Regional Inces Bol\u00edvar, al mando de Norismar G\u00f3mez y el jefe del Programa Nacional de Aprendizaje (PNA), \u00c1ngel Cordero particip\u00f3 en el Programa radial Guayana Fuerza y Trabajo, Por R\u00edo 91.1 FM, en entrevista especial, con el motivo de seguir promoviendo la Formaci\u00f3n T\u00e9cnica Profesional a la poblaci\u00f3n.<\/span><\/p>\n<p dir=\"ltr\" style=\"text-align: justify;\"><span style=\"font-family: helvetica, arial, sans-serif; font-size: 14pt;\">Durante la alocuci\u00f3n matutina de la clase obrera, la jefa encargada del Inces Bol\u00edvar, Norismar G\u00f3mez, inform\u00f3 que el Inces se mantiene en un proceso de transformaci\u00f3n curricular con m\u00e1s de 100 perfiles productivos para ofrecer al pueblo.<\/span><\/p>\n<p dir=\"ltr\" style=\"text-align: justify;\"><span style=\"font-family: helvetica, arial, sans-serif; font-size: 14pt;\">\u201cSeguimos siendo la instituci\u00f3n baluarte de la formaci\u00f3n T\u00e9cnica y Profesional de hombres y mujeres de la masa obreras, en los despliegues del 1&#215;10 del Buen Gobierno, en las Bases de Misiones Socialista, Comunas y Movimientos Sociales, consolidando las pol\u00edticas educativas emanada por el presidente Obrero Nicolas Maduro y el presidente del Inces, Wuikelman \u00c1ngel Paredes\u201d.<\/span><\/p>\n<p dir=\"ltr\" style=\"text-align: justify;\"><span style=\"font-family: helvetica, arial, sans-serif; font-size: 14pt;\">\u201cNuestras formaciones siguen siendo de prestigio internacional, tanto que hemos fortalecido la capacitaci\u00f3n de 26 nuevos Bachilleres venezolanos que residen en Ecuador, que culminaron Bachillerato Productivo Inces, gracias a la iniciativa del c\u00f3nsul del pa\u00eds de Quito, Pedro Sassone y todo su equipo\u201d.<\/span><\/p>\n<p dir=\"ltr\" style=\"text-align: justify;\"><span style=\"font-family: helvetica, arial, sans-serif; font-size: 14pt;\">Por su parte Cordero resalt\u00f3 que la generaci\u00f3n de relevo debe formarse en funci\u00f3n de las necesidades del territorio, \u00abno lo vean como una carga, tenemos la capacidad y competencia a nivel mundial\u00bb.<\/span><\/p>\n<p dir=\"ltr\" style=\"text-align: justify;\"><span style=\"font-family: helvetica, arial, sans-serif; font-size: 14pt;\">Invit\u00f3 a los J\u00f3venes a partir de los 15 a\u00f1os que por alguna raz\u00f3n abandonaron los estudios, pueden adquirir el bachiller y el perfil productivo paralelamente; es la fortaleza que tambi\u00e9n tiene nuestra instituci\u00f3n\u00bb, coment\u00f3 Angel.<\/span><\/p>\n<div class=\"yj6qo\"><\/div>\n<div class=\"adL\"><\/div>\n","protected":false},"excerpt":{"rendered":"<p>**Inces se mantiene en un proceso de transformaci\u00f3n curricular con m\u00e1s de 100 Perfiles productivos para ofrecer al pueblo<\/p>\n","protected":false},"author":15,"featured_media":57016,"comment_status":"closed","ping_status":"closed","sticky":false,"template":"","format":"standard","meta":{"footnotes":""},"categories":[2],"tags":[],"class_list":["post-57015","post","type-post","status-publish","format-standard","has-post-thumbnail","hentry","category-blog"],"_links":{"self":[{"href":"https:\/\/inces.gob.ve\/index.php\/wp-json\/wp\/v2\/posts\/57015","targetHints":{"allow":["GET"]}}],"collection":[{"href":"https:\/\/inces.gob.ve\/index.php\/wp-json\/wp\/v2\/posts"}],"about":[{"href":"https:\/\/inces.gob.ve\/index.php\/wp-json\/wp\/v2\/types\/post"}],"author":[{"embeddable":true,"href":"https:\/\/inces.gob.ve\/index.php\/wp-json\/wp\/v2\/users\/15"}],"replies":[{"embeddable":true,"href":"https:\/\/inces.gob.ve\/index.php\/wp-json\/wp\/v2\/comments?post=57015"}],"version-history":[{"count":2,"href":"https:\/\/inces.gob.ve\/index.php\/wp-json\/wp\/v2\/posts\/57015\/revisions"}],"predecessor-version":[{"id":57018,"href":"https:\/\/inces.gob.ve\/index.php\/wp-json\/wp\/v2\/posts\/57015\/revisions\/57018"}],"wp:featuredmedia":[{"embeddable":true,"href":"https:\/\/inces.gob.ve\/index.php\/wp-json\/wp\/v2\/media\/57016"}],"wp:attachment":[{"href":"https:\/\/inces.gob.ve\/index.php\/wp-json\/wp\/v2\/media?parent=57015"}],"wp:term":[{"taxonomy":"category","embeddable":true,"href":"https:\/\/inces.gob.ve\/index.php\/wp-json\/wp\/v2\/categories?post=57015"},{"taxonomy":"post_tag","embeddable":true,"href":"https:\/\/inces.gob.ve\/index.php\/wp-json\/wp\/v2\/tags?post=57015"}],"curies":[{"name":"wp","href":"https:\/\/api.w.org\/{rel}","templated":true}]}}