{"id":57035,"date":"2024-03-04T12:13:17","date_gmt":"2024-03-04T16:13:17","guid":{"rendered":"https:\/\/inces.gob.ve\/?p=57035"},"modified":"2024-03-04T12:57:33","modified_gmt":"2024-03-04T16:57:33","slug":"bolivar-inces-se-reunio-con-el-movimiento-nacional-de-recreadores-para-afinar-el-plan-formativo-2024","status":"publish","type":"post","link":"https:\/\/inces.gob.ve\/index.php\/2024\/03\/04\/bolivar-inces-se-reunio-con-el-movimiento-nacional-de-recreadores-para-afinar-el-plan-formativo-2024\/","title":{"rendered":"BOL\u00ccVAR | Inces se reuni\u00f3 con el Movimiento Nacional de Recreadores para afinar el Plan Formativo 2024"},"content":{"rendered":"<p style=\"text-align: justify;\"><em><strong><span style=\"font-family: helvetica, arial, sans-serif; font-size: 14pt;\">** En el marco de la Misi\u00f3n Venezuela Joven, el Inces Bol\u00edvar se reuni\u00f3 con el Movimiento de Recreadores del estado Bol\u00edvar para afinar la planificaci\u00f3n del Plan Formativo 2024.<\/span><\/strong><\/em><!--more--><\/p>\n<p style=\"text-align: justify;\"><span style=\"font-family: helvetica, arial, sans-serif; font-size: 14pt;\">El encuentro cont\u00f3 con la presencia de Nubia Pereda, jefa de Formaci\u00f3n Profesional; Aurora Zabala, jefa del Programa de Atenci\u00f3n al Participante (AIP); y Eduard Y\u00e1\u00f1ez, coordinador de la Juventud Productiva del Inces Bol\u00edvar.<\/span><\/p>\n<p style=\"text-align: justify;\"><span style=\"font-family: helvetica, arial, sans-serif; font-size: 14pt;\">Entre los objetivos del nuevo plan formativo est\u00e1 vaanzar en la caracterizaci\u00f3n de los recreadores y maestros t\u00e9cnicos voluntarios en el \u00e1rea de turismo; capacitar a los miembros del Movimiento Nacional de Recreadores en los perfiles de promotores, asistentes y auxiliares de recreaci\u00f3n; capacitar a la Organizaci\u00f3n Convida en los perfiles de auxiliares o promotores y gu\u00edas tur\u00edsticas en bajas y mediana monta\u00f1a y vincular la recreaci\u00f3n con el trabajo productivo para fomentar emprendimientos individuales y colectivos.<\/span><\/p>\n<p style=\"text-align: justify;\"><span style=\"font-family: helvetica, arial, sans-serif; font-size: 14pt;\">Eduard Y\u00e1\u00f1ez, coordinador de la Juventud Productiva del Inces Bol\u00edvar, enfatiz\u00f3 la importancia de las pol\u00edticas educativas orientadas por el presidente Nicol\u00e1s Maduro para la formaci\u00f3n de la juventud venezolana.<\/span><\/p>\n<p style=\"text-align: justify;\"><span style=\"font-family: helvetica, arial, sans-serif; font-size: 14pt;\">\u00abEn el marco de las 7 Transformaciones, se lleva a cabo un proceso de repolitizaci\u00f3n de todos los sectores, y la educaci\u00f3n venezolana juega un papel fundamental en este proceso\u00bb, se\u00f1al\u00f3 Y\u00e1\u00f1ez. \u00abLa educaci\u00f3n venezolana est\u00e1 en constante evoluci\u00f3n, y la cultura, la masificaci\u00f3n del deporte y la recreaci\u00f3n son \u00e1reas en las que la juventud ha tenido un papel protag\u00f3nico\u00bb.<\/span><\/p>\n","protected":false},"excerpt":{"rendered":"<p>** En el marco de la Misi\u00f3n Venezuela Joven, el Inces Bol\u00edvar se reuni\u00f3 con el Movimiento de Recreadores del estado Bol\u00edvar para afinar la planificaci\u00f3n del Plan Formativo 2024.<\/p>\n","protected":false},"author":15,"featured_media":57036,"comment_status":"closed","ping_status":"closed","sticky":false,"template":"","format":"standard","meta":{"footnotes":""},"categories":[2],"tags":[],"class_list":["post-57035","post","type-post","status-publish","format-standard","has-post-thumbnail","hentry","category-blog"],"_links":{"self":[{"href":"https:\/\/inces.gob.ve\/index.php\/wp-json\/wp\/v2\/posts\/57035","targetHints":{"allow":["GET"]}}],"collection":[{"href":"https:\/\/inces.gob.ve\/index.php\/wp-json\/wp\/v2\/posts"}],"about":[{"href":"https:\/\/inces.gob.ve\/index.php\/wp-json\/wp\/v2\/types\/post"}],"author":[{"embeddable":true,"href":"https:\/\/inces.gob.ve\/index.php\/wp-json\/wp\/v2\/users\/15"}],"replies":[{"embeddable":true,"href":"https:\/\/inces.gob.ve\/index.php\/wp-json\/wp\/v2\/comments?post=57035"}],"version-history":[{"count":1,"href":"https:\/\/inces.gob.ve\/index.php\/wp-json\/wp\/v2\/posts\/57035\/revisions"}],"predecessor-version":[{"id":57037,"href":"https:\/\/inces.gob.ve\/index.php\/wp-json\/wp\/v2\/posts\/57035\/revisions\/57037"}],"wp:featuredmedia":[{"embeddable":true,"href":"https:\/\/inces.gob.ve\/index.php\/wp-json\/wp\/v2\/media\/57036"}],"wp:attachment":[{"href":"https:\/\/inces.gob.ve\/index.php\/wp-json\/wp\/v2\/media?parent=57035"}],"wp:term":[{"taxonomy":"category","embeddable":true,"href":"https:\/\/inces.gob.ve\/index.php\/wp-json\/wp\/v2\/categories?post=57035"},{"taxonomy":"post_tag","embeddable":true,"href":"https:\/\/inces.gob.ve\/index.php\/wp-json\/wp\/v2\/tags?post=57035"}],"curies":[{"name":"wp","href":"https:\/\/api.w.org\/{rel}","templated":true}]}}