{"id":57046,"date":"2024-03-04T15:41:52","date_gmt":"2024-03-04T19:41:52","guid":{"rendered":"https:\/\/inces.gob.ve\/?p=57046"},"modified":"2024-03-05T10:50:49","modified_gmt":"2024-03-05T14:50:49","slug":"primera-fase-sobre-formacion-dual-convoco-al-inces-y-al-centro-venezolano-aleman-de-capacitacion-cevac-a-jornadas-de-evaluacion","status":"publish","type":"post","link":"https:\/\/inces.gob.ve\/index.php\/2024\/03\/04\/primera-fase-sobre-formacion-dual-convoco-al-inces-y-al-centro-venezolano-aleman-de-capacitacion-cevac-a-jornadas-de-evaluacion\/","title":{"rendered":"Primera fase sobre formaci\u00f3n dual convoc\u00f3 al Inces y al Centro Venezolano-Alem\u00e1n de Capacitaci\u00f3n (Cevac) a jornadas de evaluaci\u00f3n"},"content":{"rendered":"<p style=\"text-align: justify;\"><strong><span style=\"font-family: helvetica, arial, sans-serif; font-size: 14pt;\"><i><span style=\"color: #000000;\">** En la primera jornada, el tecn\u00f3logo Andr\u00e9s Valencia present\u00f3 el Programa de Formaci\u00f3n Dual para el Centro Venezolano-Alem\u00e1n de Capacitaci\u00f3n -Cevac- <\/span><\/i><\/span><\/strong><!--more--><\/p>\n<p style=\"text-align: justify;\"><span style=\"font-family: helvetica, arial, sans-serif; font-size: 14pt;\">Freddy Martinez<\/span><\/p>\n<p lang=\"es-ES\" style=\"text-align: justify;\" align=\"justify\"><span style=\"font-family: helvetica, arial, sans-serif; font-size: 14pt;\"><span style=\"color: #000000;\">Con la presencia del presidente del Inces <\/span><span style=\"color: #000000;\"><b>Wuikelman Angel Parede<\/b><\/span><span style=\"color: #000000;\">s y de <\/span><span style=\"color: #000000;\"><b>Key Boetticher<\/b><\/span><span style=\"color: #000000;\">, presidente de la C\u00e1mara de Comercio e Industria Venezolana-Alemana (AHK Venezuela), adem\u00e1s de <\/span><span style=\"color: #000000;\"><b>Hildebrand Breuer,<\/b><\/span><span style=\"color: #000000;\"> Encargado de Pol\u00edtica y Derechos Humanos de la <\/span><span style=\"color: #000000;\">Embajada de la<\/span> <span style=\"color: #000000;\">Rep\u00fablica Federal de Alemania, <\/span><span style=\"color: #000000;\">de <\/span><span style=\"color: #000000;\"><b>Derxi Regardiz,<\/b><\/span><span style=\"color: #000000;\"> Director Ejecutivo de la C\u00e1mara de Comercio e Industria Venezolana-Alemana (AHK Venezuela) y de <\/span><span style=\"color: #000000;\"><b>Andr\u00e9s Valencia,<\/b><\/span><span style=\"color: #000000;\"> instructor de formaci\u00f3n profesional de la AHK Colombia, se dio inicio a la semana de conferencias y reflexi\u00f3n sobre <\/span><span style=\"color: #000000;\">el dise\u00f1o curricular del programa de formaci\u00f3n dual.<\/span><\/span><\/p>\n<p lang=\"es-ES\" align=\"justify\"><img loading=\"lazy\" decoding=\"async\" class=\"aligncenter wp-image-57049 size-full\" src=\"https:\/\/inces.gob.ve\/wp-content\/uploads\/2024\/03\/WhatsApp-Image-2024-03-04-at-2.42.15-PM-3-e1709581168579.jpeg\" alt=\"\" width=\"800\" height=\"533\" srcset=\"https:\/\/inces.gob.ve\/wp-content\/uploads\/2024\/03\/WhatsApp-Image-2024-03-04-at-2.42.15-PM-3-e1709581168579.jpeg 800w, https:\/\/inces.gob.ve\/wp-content\/uploads\/2024\/03\/WhatsApp-Image-2024-03-04-at-2.42.15-PM-3-e1709581168579-300x200.jpeg 300w, https:\/\/inces.gob.ve\/wp-content\/uploads\/2024\/03\/WhatsApp-Image-2024-03-04-at-2.42.15-PM-3-e1709581168579-768x512.jpeg 768w, https:\/\/inces.gob.ve\/wp-content\/uploads\/2024\/03\/WhatsApp-Image-2024-03-04-at-2.42.15-PM-3-e1709581168579-272x182.jpeg 272w\" sizes=\"auto, (max-width: 800px) 100vw, 800px\" \/><\/p>\n<p lang=\"es-ES\" style=\"text-align: justify;\" align=\"justify\"><span style=\"font-family: helvetica, arial, sans-serif; font-size: 14pt;\"><span style=\"color: #000000;\">Esta<\/span><span style=\"color: #000000;\">s jornadas se desarrollar\u00e1n en la sala de conferencias de la Gerencia General de Curr\u00edculo y Did\u00e1ctica ubicado en el edificio anexo del Inces, en Caracas, entre el 2 y 4 de marzo, cuyo inicio estuvo <\/span><span style=\"color: #000000;\">a cargo <\/span><span style=\"color: #000000;\">de <\/span><span style=\"color: #000000;\">Andr\u00e9s Valencia, un ingeniero electricista y tecn\u00f3logo industrial proveniente de la Universidad Tecnol\u00f3gica de Pereira, con una exposici\u00f3n titulada:<\/span><span style=\"color: #000000;\"> \u201c<\/span><span style=\"color: #000000;\">Implementaci\u00f3n de un programa de formaci\u00f3n profesional dual del sector de las tecnolog\u00edas de informaci\u00f3n\u201d.<\/span><\/span><\/p>\n<p lang=\"es-ES\" align=\"justify\"><img loading=\"lazy\" decoding=\"async\" class=\"aligncenter wp-image-57051 size-full\" src=\"https:\/\/inces.gob.ve\/wp-content\/uploads\/2024\/03\/WhatsApp-Image-2024-03-04-at-2.42.43-PM-4-e1709581196414.jpeg\" alt=\"\" width=\"800\" height=\"533\" srcset=\"https:\/\/inces.gob.ve\/wp-content\/uploads\/2024\/03\/WhatsApp-Image-2024-03-04-at-2.42.43-PM-4-e1709581196414.jpeg 800w, https:\/\/inces.gob.ve\/wp-content\/uploads\/2024\/03\/WhatsApp-Image-2024-03-04-at-2.42.43-PM-4-e1709581196414-300x200.jpeg 300w, https:\/\/inces.gob.ve\/wp-content\/uploads\/2024\/03\/WhatsApp-Image-2024-03-04-at-2.42.43-PM-4-e1709581196414-768x512.jpeg 768w, https:\/\/inces.gob.ve\/wp-content\/uploads\/2024\/03\/WhatsApp-Image-2024-03-04-at-2.42.43-PM-4-e1709581196414-272x182.jpeg 272w\" sizes=\"auto, (max-width: 800px) 100vw, 800px\" \/><\/p>\n<p lang=\"es-ES\" style=\"text-align: justify;\" align=\"justify\"><span style=\"font-family: helvetica, arial, sans-serif; font-size: 14pt;\"><span style=\"color: #000000;\">E<\/span><span style=\"color: #000000;\">sta actividad tiene como fin desarrollar la etapa donde se gestiona el dise\u00f1o curricular del programa de formaci\u00f3n dual en aspectos como: perfil del egresado y del docente, perfil del ingreso, ocupaci\u00f3n, prospectiva internacional, estrategia metodol\u00f3gica, competencias y resultados de aprendizaje, entre otros aspectos.<\/span><\/span><\/p>\n<p lang=\"es-ES\" align=\"justify\"><img loading=\"lazy\" decoding=\"async\" class=\"aligncenter wp-image-57048 size-full\" src=\"https:\/\/inces.gob.ve\/wp-content\/uploads\/2024\/03\/WhatsApp-Image-2024-03-04-at-2.42.15-PM-2-e1709581233386.jpeg\" alt=\"\" width=\"800\" height=\"533\" srcset=\"https:\/\/inces.gob.ve\/wp-content\/uploads\/2024\/03\/WhatsApp-Image-2024-03-04-at-2.42.15-PM-2-e1709581233386.jpeg 800w, https:\/\/inces.gob.ve\/wp-content\/uploads\/2024\/03\/WhatsApp-Image-2024-03-04-at-2.42.15-PM-2-e1709581233386-300x200.jpeg 300w, https:\/\/inces.gob.ve\/wp-content\/uploads\/2024\/03\/WhatsApp-Image-2024-03-04-at-2.42.15-PM-2-e1709581233386-768x512.jpeg 768w, https:\/\/inces.gob.ve\/wp-content\/uploads\/2024\/03\/WhatsApp-Image-2024-03-04-at-2.42.15-PM-2-e1709581233386-272x182.jpeg 272w\" sizes=\"auto, (max-width: 800px) 100vw, 800px\" \/><\/p>\n<p lang=\"es-ES\" align=\"justify\"><span style=\"font-family: helvetica, arial, sans-serif; font-size: 14pt;\"><span style=\"color: #000000;\">La formaci\u00f3n dual <\/span><span style=\"color: #000000;\">es un modelo de formaci\u00f3n t\u00e9cnica profesional donde los participantes combinan formaci\u00f3n te\u00f3rica con pr\u00e1ctica laboral realizada completamente en un ambiente de trabajo estructurado <\/span><span style=\"color: #000000;\">bajo<\/span><span style=\"color: #000000;\"> una relaci\u00f3n entre la empresa privada e instituciones formativas como el Inces.<\/span><\/span><\/p>\n<p lang=\"es-ES\" align=\"justify\"><span style=\"font-family: helvetica, arial, sans-serif; font-size: 14pt;\"><span style=\"color: #000000;\">E<\/span><span style=\"color: #000000;\">l presidente del Inces declar\u00f3 ante las c\u00e1maras de <\/span><span style=\"color: #000000;\"><b>Venezolana de Televisi\u00f3n,<\/b><\/span><span style=\"color: #000000;\">\u00a0que el programa dual es muy importante porque se hace desde un enfoque y desde la perspectiva referencial de la experiencia <\/span><span style=\"color: #000000;\">alemana de<\/span><span style=\"color: #000000;\"> formaci\u00f3n para el<\/span><span style=\"color: #000000;\">\u00a0trabajo. <\/span><\/span><\/p>\n<p lang=\"es-ES\" align=\"justify\"><span style=\"font-family: helvetica, arial, sans-serif; font-size: 14pt;\"><span style=\"color: #000000;\">\u201c<\/span><span style=\"color: #000000;\">Alemania nos viene acompa\u00f1ando en este enfoque que consiste en desarrollar la formaci\u00f3n te\u00f3rico-pr\u00e1ctica teniendo como espacios privilegiados a las <\/span><span style=\"color: #000000;\">propias<\/span><span style=\"color: #000000;\"> empresas, <\/span><span style=\"color: #000000;\">porque desde all\u00ed se experimentan los procesos laborales, tienen los recursos, los elementos que garantiza el aprendizaje pertinente adaptado a las exigencias tecnol\u00f3gicas del momento\u201d.<\/span><\/span><\/p>\n<p lang=\"es-ES\" align=\"justify\"><img loading=\"lazy\" decoding=\"async\" class=\"aligncenter wp-image-57057 size-full\" src=\"https:\/\/inces.gob.ve\/wp-content\/uploads\/2024\/03\/WhatsApp-Image-2024-03-04-at-2.46.30-PM-e1709584527282.jpeg\" alt=\"\" width=\"800\" height=\"533\" srcset=\"https:\/\/inces.gob.ve\/wp-content\/uploads\/2024\/03\/WhatsApp-Image-2024-03-04-at-2.46.30-PM-e1709584527282.jpeg 800w, https:\/\/inces.gob.ve\/wp-content\/uploads\/2024\/03\/WhatsApp-Image-2024-03-04-at-2.46.30-PM-e1709584527282-300x200.jpeg 300w, https:\/\/inces.gob.ve\/wp-content\/uploads\/2024\/03\/WhatsApp-Image-2024-03-04-at-2.46.30-PM-e1709584527282-768x512.jpeg 768w, https:\/\/inces.gob.ve\/wp-content\/uploads\/2024\/03\/WhatsApp-Image-2024-03-04-at-2.46.30-PM-e1709584527282-272x182.jpeg 272w\" sizes=\"auto, (max-width: 800px) 100vw, 800px\" \/><\/p>\n<p lang=\"es-ES\" align=\"justify\"><span style=\"font-family: helvetica, arial, sans-serif; font-size: 14pt;\"><span style=\"color: #000000;\">E<\/span><span style=\"color: #000000;\">l titular de la Instituci\u00f3n anunci\u00f3 que ser\u00e1n presentados al pa\u00eds, en una primera fase de construcci\u00f3n, el plan de estudios del Inces donde se se\u00f1alar\u00e1 cu\u00e1les son las ofertas formativas a presentar, cu\u00e1les s<\/span><span style=\"color: #000000;\">er\u00e1n<\/span><span style=\"color: #000000;\"> las empresas <\/span><span style=\"color: #000000;\">asociadas a est<\/span><span style=\"color: #000000;\">e enfoque<\/span><span style=\"color: #000000;\"> formativ<\/span><span style=\"color: #000000;\">o<\/span><span style=\"color: #000000;\">, en particular las que est\u00e1n agrupadas en la C\u00e1mara de Industria y Comercio Venezolana-Alemana, que puedan estar demandando necesidades formativas. <\/span><\/span><\/p>\n<p lang=\"es-ES\" align=\"justify\"><span style=\"font-family: helvetica, arial, sans-serif; font-size: 14pt;\"><span style=\"color: #000000;\">A<\/span><span style=\"color: #000000;\">simismo, <\/span><span style=\"color: #000000;\"><span style=\"color: #000000; font-family: helvetica, arial, sans-serif;\"><span style=\"font-size: 18.6667px;\"><b>\u00c1ngel<\/b><\/span><span style=\"font-size: 14pt;\">\u00a0agreg\u00f3 que todas estas iniciativas van a estar acompa\u00f1adas de una segunda l\u00ednea de trabajo que tiene que ver con la realizaci\u00f3n de una encuesta <\/span><\/span><\/span><span style=\"color: #000000;\">nacional<\/span> <span style=\"color: #000000;\">de necesidades de formaci\u00f3n para la industria y el comercio en Venezuela; una encuesta que se formula activando el link <\/span><span style=\"color: #000000;\"><b><a href=\"http:\/\/inces.gob.ve\" target=\"_blank\" rel=\"noopener\" data-saferedirecturl=\"https:\/\/www.google.com\/url?q=http:\/\/inces.gob.ve&amp;source=gmail&amp;ust=1709670527639000&amp;usg=AOvVaw3xxUHHxoe0MUcz-TqaIv1U\">inces.gob.ve<\/a><\/b><\/span><span style=\"color: #000000;\"> y que se realiza con el fin de construir las ofertas formativas o las ocupaciones que las empresas requieran. <\/span><\/span><\/p>\n<p lang=\"es-ES\" align=\"justify\"><span style=\"font-family: helvetica, arial, sans-serif; font-size: 14pt;\"><span style=\"color: #000000;\"><b>D<\/b><\/span><span style=\"color: #000000;\"><b>erxi Regardiz,<\/b><\/span> <span style=\"color: #000000;\"><b>Director Ejecutivo de la C\u00e1mara de Industria y Comercio Venezolana-Alemana,<\/b><\/span><span style=\"color: #000000;\"> dijo por su parte que el compromiso de la C\u00e1mara que dirige es muy amplio; \u201cestamos trabajando desde hace nueve meses para llegar al d\u00eda de hoy y para llegar con \u00e9xito a la formaci\u00f3n real del<\/span><span style=\"color: #000000;\">\u00a0individuo, a ese talento humano que necesitamos y que necesita el pa\u00eds como profesional. Junto con el Inces, ese es el objetivo de la C\u00e1mara. Queremos hacer buenos profesionales, servir de fundamento y de base para formar al futuro talento venezolano\u201d. <\/span><\/span><\/p>\n<p lang=\"es-ES\" align=\"justify\"><span style=\"font-family: helvetica, arial, sans-serif; font-size: 14pt;\"><span style=\"color: #000000;\">L<\/span><span style=\"color: #000000;\">a jornada de ponencias continu\u00f3 con la presentaci\u00f3n de una exposici\u00f3n a cargo de Jhonny Quintana -experto en el sistema educativo venezolano- relacionada a los procedimientos asociados a la formalizaci\u00f3n de programas de educaci\u00f3n y formaci\u00f3n en el pa\u00eds. <\/span><\/span><\/p>\n<p lang=\"es-ES\" align=\"justify\">\n","protected":false},"excerpt":{"rendered":"<p>** En la primera jornada, el tecn\u00f3logo Andr\u00e9s Valencia present\u00f3 el Programa de Formaci\u00f3n Dual para el Centro Venezolano-Alem\u00e1n de Capacitaci\u00f3n -Cevac-<\/p>\n","protected":false},"author":15,"featured_media":57047,"comment_status":"closed","ping_status":"closed","sticky":false,"template":"","format":"standard","meta":{"footnotes":""},"categories":[2],"tags":[],"class_list":["post-57046","post","type-post","status-publish","format-standard","has-post-thumbnail","hentry","category-blog"],"_links":{"self":[{"href":"https:\/\/inces.gob.ve\/index.php\/wp-json\/wp\/v2\/posts\/57046","targetHints":{"allow":["GET"]}}],"collection":[{"href":"https:\/\/inces.gob.ve\/index.php\/wp-json\/wp\/v2\/posts"}],"about":[{"href":"https:\/\/inces.gob.ve\/index.php\/wp-json\/wp\/v2\/types\/post"}],"author":[{"embeddable":true,"href":"https:\/\/inces.gob.ve\/index.php\/wp-json\/wp\/v2\/users\/15"}],"replies":[{"embeddable":true,"href":"https:\/\/inces.gob.ve\/index.php\/wp-json\/wp\/v2\/comments?post=57046"}],"version-history":[{"count":8,"href":"https:\/\/inces.gob.ve\/index.php\/wp-json\/wp\/v2\/posts\/57046\/revisions"}],"predecessor-version":[{"id":57065,"href":"https:\/\/inces.gob.ve\/index.php\/wp-json\/wp\/v2\/posts\/57046\/revisions\/57065"}],"wp:featuredmedia":[{"embeddable":true,"href":"https:\/\/inces.gob.ve\/index.php\/wp-json\/wp\/v2\/media\/57047"}],"wp:attachment":[{"href":"https:\/\/inces.gob.ve\/index.php\/wp-json\/wp\/v2\/media?parent=57046"}],"wp:term":[{"taxonomy":"category","embeddable":true,"href":"https:\/\/inces.gob.ve\/index.php\/wp-json\/wp\/v2\/categories?post=57046"},{"taxonomy":"post_tag","embeddable":true,"href":"https:\/\/inces.gob.ve\/index.php\/wp-json\/wp\/v2\/tags?post=57046"}],"curies":[{"name":"wp","href":"https:\/\/api.w.org\/{rel}","templated":true}]}}