{"id":57074,"date":"2024-02-28T10:43:20","date_gmt":"2024-02-28T14:43:20","guid":{"rendered":"https:\/\/inces.gob.ve\/?p=57074"},"modified":"2024-03-08T09:38:21","modified_gmt":"2024-03-08T13:38:21","slug":"aragua-gran-encuentro-de-los-sectores-y-movimientos-sociales-juveniles","status":"publish","type":"post","link":"https:\/\/inces.gob.ve\/index.php\/2024\/02\/28\/aragua-gran-encuentro-de-los-sectores-y-movimientos-sociales-juveniles\/","title":{"rendered":"ARAGUA | Gran encuentro de los sectores y movimientos sociales juveniles\u00a0"},"content":{"rendered":"<div dir=\"auto\" style=\"text-align: justify;\"><em><strong><span style=\"font-family: helvetica, arial, sans-serif; font-size: 14pt;\">** Mas de 300 j\u00f3venes acudieron al encuentro para destacar la importancia de la Gran Misi\u00f3n Venezuela joven que nace para la atenci\u00f3n de la Juventud en diversas \u00e1reas y espacios<\/span><\/strong><\/em><\/div>\n<div dir=\"auto\"><\/div>\n<p><!--more--><\/p>\n<div dir=\"auto\" style=\"text-align: justify;\"><\/div>\n<div style=\"text-align: justify;\"><em><strong><span style=\"font-family: helvetica, arial, sans-serif; font-size: 14pt;\">NINOSKA PATRIZ<\/span><\/strong><\/em><\/div>\n<div dir=\"auto\" style=\"text-align: justify;\"><\/div>\n<div dir=\"auto\" style=\"text-align: justify;\"><span style=\"font-family: helvetica, arial, sans-serif; font-size: 14pt;\">Una extraordinaria tarde de alegr\u00eda, diversi\u00f3n, mucho \u00e1nimo y energ\u00eda de trabajo se desarroll\u00f3 desde el Parque Ol\u00edmpico Pedro Bastidas perteneciente al municipio Girardot. Y en esta ocasi\u00f3n el Inces Regi\u00f3n Aragua tambi\u00e9n dijo presente, contando con la asistencia de la gerente de la instituci\u00f3n Yelitza Rodr\u00edguez y su excelente equipo de trabajo, agradecidos de la grata compa\u00f1\u00eda de la madrina para el estado Aragua ministra, Yelitza Santaella y la Gobernadora Karina Carpio.<\/span><\/div>\n<div dir=\"auto\"><\/div>\n<div dir=\"auto\" style=\"text-align: justify;\"><\/div>\n<div dir=\"auto\" style=\"text-align: justify;\"><\/div>\n<div dir=\"auto\" style=\"text-align: justify;\"><span style=\"font-family: helvetica, arial, sans-serif; font-size: 14pt;\">La oportunidad sirvi\u00f3 para exponer las acciones que se desarrollan desde la juventud productiva del Inces que ser\u00e1n punto de avance e impulso del v\u00e9rtice n\u00famero 2 de \u00e9sta gran misi\u00f3n de acci\u00f3n integral que de acuerdo con lo descrito por el Presidente Nicol\u00e1s Maduro durante la conmemoraci\u00f3n del XXV aniversario de la Revoluci\u00f3n Bolivariana, en el Poliedro de Caracas, en una primera etapa, se atender\u00e1 a 5.300.000 j\u00f3venes, inscritos en el Sistema Patria, a trav\u00e9s de siete v\u00e9rtices y 26 programas: \u201cVamos a proteger y acompa\u00f1ar a la juventud venezolana. Es el programa m\u00e1s ambicioso, poderoso que jam\u00e1s se haya hecho en Venezuela, una misi\u00f3n de nueva generaci\u00f3n para renovar y mejorar lo que pueda ser mejorado\u201d, como lo puntualiz\u00f3 el primer mandatario nacional.<\/span><\/div>\n<div dir=\"auto\" style=\"text-align: justify;\"><\/div>\n<div dir=\"auto\"><\/div>\n<div dir=\"auto\" style=\"text-align: justify;\"><\/div>\n<div dir=\"auto\" style=\"text-align: justify;\"><span style=\"font-family: helvetica, arial, sans-serif; font-size: 14pt;\">En este aspecto, la misma est\u00e1 destinada a generar una transformaci\u00f3n en los saberes y aprendizajes a partir de la creaci\u00f3n de la Escuela Nacional de Gastronom\u00eda, la Escuela Nacional de Moda, Escuela Nacional de Idiomas y la Escuela de Oficios Digitales, esta \u00faltima priorizar\u00e1 la formaci\u00f3n en rob\u00f3tica, inteligencia artificial (IA), entre muchas otras contenidas en los 7 v\u00e9rtices que la conforman. Vale resaltar que la plataforma Emprender Juntos estar\u00e1 a disposici\u00f3n y abrir\u00e1 una nueva cartera dedicada a la especial atenci\u00f3n de la juventud con una meta del primer semestre en este 2024 de 500 mil j\u00f3venes en una primera oleada. El objetivo es unificar todos los planes y programas construidos para la juventud en una gran misi\u00f3n, tal y como lo hiciere en vida el gran maestro Arist\u00f3bulo Ist\u00fariz, quien contin\u00faa presente de coraz\u00f3n a coraz\u00f3n.<\/span><\/div>\n<div dir=\"auto\" style=\"text-align: justify;\"><\/div>\n<div dir=\"auto\"><\/div>\n<div dir=\"auto\" style=\"text-align: justify;\"><\/div>\n<div dir=\"auto\" style=\"text-align: justify;\"><span style=\"font-family: helvetica, arial, sans-serif; font-size: 14pt;\"><b>*Continuando en jornadas de visitas y reuniones*<\/b><\/span><\/div>\n<div dir=\"auto\" style=\"text-align: justify;\"><\/div>\n<div dir=\"auto\" style=\"text-align: justify;\"><\/div>\n<div dir=\"auto\" style=\"text-align: justify;\"><\/div>\n<div dir=\"auto\" style=\"text-align: justify;\"><span style=\"font-family: helvetica, arial, sans-serif; font-size: 14pt;\">As\u00ed mismo, se realiz\u00f3 una reuni\u00f3n con el Ministerio del Poder Popular para el Turismo en Aragua, con el fin de organizar y dar a conocer las orientaciones nacionales del plan de formaci\u00f3n Inces,\u00a0 dirigido a los recreadores, gu\u00edas de baja y media monta\u00f1a. Durante este proceso formativo se estar\u00e1 realizando el acompa\u00f1amiento para capacitar y sensibilizar seg\u00fan el plan de formaci\u00f3n del Inatur Venezuela, permitiendo fortalecer las competencias interinstitucionales en cuanto a la formaci\u00f3n y capacitaci\u00f3n.\u00a0<\/span><\/div>\n<div dir=\"auto\" style=\"text-align: justify;\"><\/div>\n<div dir=\"auto\" style=\"text-align: justify;\"><\/div>\n<div dir=\"auto\" style=\"text-align: justify;\"><span style=\"font-family: helvetica, arial, sans-serif; font-size: 14pt;\">Durante esta reuni\u00f3n estuvo presente la gerente estadal del Inces Regi\u00f3n Aragua\u00a0 , equipo Robert Serra, movimiento paz y vida, movimiento nacional de recreadores, direcci\u00f3n de la juventud ecosocialista y la juventud del PSUV Aragua, cumpliendo las orientaciones del presidente Nicol\u00e1s Maduro, el Presidente del Inces Wuikelman Angel Paredes, el ministro del poder popular para el turismo Al\u00ed Ernesto Padr\u00f3n Paredes\u00a0 y la gobernadora del estado Aragua Karina Carpio Aragua\u00a0 para fortalecer la educaci\u00f3n tur\u00edstica nacional.<\/span><\/div>\n","protected":false},"excerpt":{"rendered":"<p>** Mas de 300 j\u00f3venes acudieron al encuentro para destacar la importancia de la Gran Misi\u00f3n Venezuela joven que nace para la atenci\u00f3n de la Juventud en diversas \u00e1reas y espacios<\/p>\n","protected":false},"author":4,"featured_media":55103,"comment_status":"closed","ping_status":"closed","sticky":false,"template":"","format":"standard","meta":{"footnotes":""},"categories":[2],"tags":[],"class_list":["post-57074","post","type-post","status-publish","format-standard","has-post-thumbnail","hentry","category-blog"],"_links":{"self":[{"href":"https:\/\/inces.gob.ve\/index.php\/wp-json\/wp\/v2\/posts\/57074","targetHints":{"allow":["GET"]}}],"collection":[{"href":"https:\/\/inces.gob.ve\/index.php\/wp-json\/wp\/v2\/posts"}],"about":[{"href":"https:\/\/inces.gob.ve\/index.php\/wp-json\/wp\/v2\/types\/post"}],"author":[{"embeddable":true,"href":"https:\/\/inces.gob.ve\/index.php\/wp-json\/wp\/v2\/users\/4"}],"replies":[{"embeddable":true,"href":"https:\/\/inces.gob.ve\/index.php\/wp-json\/wp\/v2\/comments?post=57074"}],"version-history":[{"count":2,"href":"https:\/\/inces.gob.ve\/index.php\/wp-json\/wp\/v2\/posts\/57074\/revisions"}],"predecessor-version":[{"id":57091,"href":"https:\/\/inces.gob.ve\/index.php\/wp-json\/wp\/v2\/posts\/57074\/revisions\/57091"}],"wp:featuredmedia":[{"embeddable":true,"href":"https:\/\/inces.gob.ve\/index.php\/wp-json\/wp\/v2\/media\/55103"}],"wp:attachment":[{"href":"https:\/\/inces.gob.ve\/index.php\/wp-json\/wp\/v2\/media?parent=57074"}],"wp:term":[{"taxonomy":"category","embeddable":true,"href":"https:\/\/inces.gob.ve\/index.php\/wp-json\/wp\/v2\/categories?post=57074"},{"taxonomy":"post_tag","embeddable":true,"href":"https:\/\/inces.gob.ve\/index.php\/wp-json\/wp\/v2\/tags?post=57074"}],"curies":[{"name":"wp","href":"https:\/\/api.w.org\/{rel}","templated":true}]}}