{"id":57098,"date":"2024-03-06T11:39:27","date_gmt":"2024-03-06T15:39:27","guid":{"rendered":"https:\/\/inces.gob.ve\/?p=57098"},"modified":"2024-03-07T15:07:00","modified_gmt":"2024-03-07T19:07:00","slug":"falcon-inces-realizo-lanzamiento-del-plan-de-formacion-dirigido-al-movimiento-nacional-de-recreadores","status":"publish","type":"post","link":"https:\/\/inces.gob.ve\/index.php\/2024\/03\/06\/falcon-inces-realizo-lanzamiento-del-plan-de-formacion-dirigido-al-movimiento-nacional-de-recreadores\/","title":{"rendered":"FALC\u00d3N | Inces realiz\u00f3 lanzamiento del Plan de Formaci\u00f3n dirigido al Movimiento Nacional de Recreadores"},"content":{"rendered":"<div class=\"adn ads\" data-message-id=\"#msg-f:1792789025881925634\" data-legacy-message-id=\"18e1441ed4e92802\">\n<div class=\"gs\">\n<div class=\"\">\n<div id=\":oz\" class=\"ii gt\">\n<div id=\":p0\" class=\"a3s aiL \">\n<div dir=\"ltr\">\n<div class=\"gmail_quote\">\n<div dir=\"auto\">\n<div class=\"gmail_quote\">\n<div dir=\"auto\"><\/div>\n<\/div>\n<\/div>\n<\/div>\n<\/div>\n<\/div>\n<div id=\":p0\" class=\"a3s aiL \">\n<div dir=\"ltr\">\n<div class=\"gmail_quote\">\n<div dir=\"auto\">\n<div class=\"gmail_quote\">\n<div dir=\"auto\">\n<div dir=\"auto\"><em><strong><span style=\"font-family: helvetica, arial, sans-serif; font-size: 14pt;\">**Con la finalidad de formar y fortalecer a los l\u00edderes del Movimiento con la visi\u00f3n de la Recreaci\u00f3n Transformadora<\/span><\/strong><\/em><\/div>\n<div dir=\"auto\"><!--more--><\/div>\n<div dir=\"auto\"><\/div>\n<div dir=\"auto\"><\/div>\n<div dir=\"auto\"><\/div>\n<div dir=\"auto\" style=\"text-align: justify;\"><span style=\"font-family: helvetica, arial, sans-serif; font-size: 14pt;\">MIRIAM GONZ\u00c1LEZ VILLARROEL<\/span><\/div>\n<div dir=\"auto\" style=\"text-align: justify;\"><\/div>\n<div dir=\"auto\" style=\"text-align: justify;\"><span style=\"font-family: helvetica, arial, sans-serif; font-size: 14pt;\">Bajo la premisa \u00abSomos Expresi\u00f3n Genuina\u00bb, este s\u00e1bado 22 de febrero en los espacios del Club Bol\u00edvar en la ciudad de Coro, el Instituto Nacional de Capacitaci\u00f3n y Educaci\u00f3n Socialista\u00a0 (Inces) conjuntamente con el Movimiento Nacional de Recreadores en el estado Falc\u00f3n,\u00a0 realizaron el lanzamiento de la primera fase del Plan de Formaci\u00f3n, el cu\u00e1l contempla formar a los j\u00f3venes en los perfiles productivos: Promotor Recreativo, Asistente de Recreaci\u00f3n y Auxiliar de Recreaci\u00f3n, dando cumplimiento a las orientaciones del presidente Nicola\u0301s Maduro y como parte de la Gran Misi\u00f3n Venezuela Joven.<\/span><\/div>\n<div dir=\"auto\" style=\"text-align: justify;\"><\/div>\n<div dir=\"auto\" style=\"text-align: justify;\"><span style=\"font-family: helvetica, arial, sans-serif; font-size: 14pt;\">En la actividad, donde estuvieron presentes la Autoridad \u00danica de Las Comunas, Franjelimar Higuera; responsable de formaci\u00f3n profesional del Inces, Olga Noguera;\u00a0jefe pol\u00edtico del Movimiento Nacional de Recreadores, Dennys \u00c1vila; el coordinador estadal de la Gran Misi\u00f3n Chamba Juvenil, Yosiel Campos; secretario de la juventud,\u00a0 David D\u00edaz y las estructuras y brigadas municipales, los j\u00f3venes hicieron demostraron sus habilidades y destrezas en el \u00e1rea de la Recreaci\u00f3n.<\/span><\/div>\n<div dir=\"auto\" style=\"text-align: justify;\"><\/div>\n<div dir=\"auto\">\n<div dir=\"auto\" style=\"text-align: justify;\"><span style=\"font-family: helvetica, arial, sans-serif; font-size: 14pt;\">La Recreaci\u00f3n nos hacer crecer.<\/span><\/div>\n<div dir=\"auto\" style=\"text-align: justify;\"><span style=\"font-family: helvetica, arial, sans-serif; font-size: 14pt;\">En este ambiente de alegr\u00eda y lleno de juventud, Franjelimar Higuera,\u00a0 Autoridad \u00danica de Las Comunas, expres\u00f3, est\u00e1 iniciativa les brinda a todos y cada uno, la oportunidad de empezar a emprender con estos espacios de formaci\u00f3n en conjunto con el Inces; pero tambi\u00e9n,\u00a0 con diferentes instituciones aliadas.<\/span><\/div>\n<div dir=\"auto\" style=\"text-align: justify;\"><\/div>\n<div dir=\"auto\" style=\"text-align: justify;\"><span style=\"font-family: helvetica, arial, sans-serif; font-size: 14pt;\">\u00abNosotros desde el Ministerio del Poder Popular para las Comunas y Movimientos Sociales tambi\u00e9n estamos prestos a aportar en el proceso formativo de ustedes, de nuestra juventud, de nuestra generaci\u00f3n de oro, como lo Fijo en una oportunidad nuestro comandante Ch\u00e1vez, que la\u00a0 juventud era la generaci\u00f3n de oro, y\u00a0 simplemente que\u00a0 nuestra juventud es valiosa y es el futuro, no solo el futuro, es el presente y como presente debemos ir forjando ese futuro a trav\u00e9s de la formaci\u00f3n t\u00e9cnica profesional que les ofrece el Inces\u00bb.<\/span><\/div>\n<div dir=\"auto\" style=\"text-align: justify;\"><\/div>\n<div dir=\"auto\">\n<div dir=\"auto\" style=\"text-align: justify;\"><span style=\"font-family: helvetica, arial, sans-serif; font-size: 14pt;\">La Recreaci\u00f3n como actividad\u00a0<\/span><\/div>\n<div dir=\"auto\" style=\"text-align: justify;\"><\/div>\n<div dir=\"auto\" style=\"text-align: justify;\"><span style=\"font-family: helvetica, arial, sans-serif; font-size: 14pt;\">Por su parte Olga Noguera,\u00a0 responsable de Formaci\u00f3n Profesional en nombre de la gerente regional del Inces, Eneyda Mart\u00ednez,\u00a0 destac\u00f3, todos los espacios abiertos \u00abson los que est\u00e1n destinados a que nosotros pensemos en el otro, cuando nosotros vemos a la naturaleza sabemos y entendemos que todo est\u00e1 conectado y la recreaci\u00f3n como actividad, forma parte de todo lo que hacemos desde los espacios abiertos, nuestros parques, nuestras plazas, nuestros zonas, sobre todo nuestra zona colonial, que no es solamente patrimonio, sino es la identificaci\u00f3n de cada uno de ustedes, de todo lo que ha hemos logrado a trav\u00e9s del tiempo y nos hemos olvidado\u00bb.<\/span><\/div>\n<div dir=\"auto\" style=\"text-align: justify;\"><\/div>\n<div dir=\"auto\" style=\"text-align: justify;\"><span style=\"font-family: helvetica, arial, sans-serif; font-size: 14pt;\">Precis\u00f3, en este lanzamiento de la primera formaci\u00f3n de recreadores de parte del Inces, es una l\u00ednea del presidente Nicol\u00e1s Maduro, en el contexto de la Misi\u00f3n Venezuela Joven, y desde el Inces, queremos decirle: \u00abAqu\u00ed estamos nosotros,\u00a0 reconociendo la importancia de los j\u00f3venes en los proyectos del pa\u00eds, son importantes, son el presente, que construye el futuro, un futuro s\u00f3lido, un futuro desde lo m\u00e1s hermoso que es la amistad, el reconocerse como parte de un movimiento es reconocernos como un todo\u00bb.<\/span><\/div>\n<div dir=\"auto\" style=\"text-align: justify;\"><\/div>\n<div dir=\"auto\" style=\"text-align: justify;\"><span style=\"font-family: helvetica, arial, sans-serif; font-size: 14pt;\">Cit\u00f3 Noguera, los 7 v\u00e9rtices de la misi\u00f3n, en primer lugar, educaci\u00f3n,\u00a0 ciencia y tecnolog\u00eda que nos invita a aprender; en 2do lugar, la producci\u00f3n, trabajo y emprendimiento que invita a trabajar; 3ero la cultura, recreaci\u00f3n y rumba que invita a divertirnos; en 4to lugar, \u013aa actividad f\u00edsica y deporte; el 5to v\u00e9rtice, proyecto de vida y protecci\u00f3n social \u00abvamos a crecer\u00bb; el 6to,\u00a0 comunicaci\u00f3n y redes sociales y el \u00faltimo, organizaci\u00f3n y participaci\u00f3n.<\/span><\/div>\n<div dir=\"auto\" style=\"text-align: justify;\"><\/div>\n<div dir=\"auto\" style=\"text-align: justify;\"><span style=\"font-family: helvetica, arial, sans-serif; font-size: 14pt;\">\u00abDebemos ser productivos, empoderense de los aprendizajes, de la t\u00e9cnica para desarrollar las habilidades y destrezas para enfrentar el futuro y ser protagonistas del crecimiento econ\u00f3mico del pa\u00eds\u00bb. Resalt\u00f3 Noguera<\/span><\/div>\n<div dir=\"auto\" style=\"text-align: justify;\"><\/div>\n<div dir=\"auto\" style=\"text-align: justify;\"><span style=\"font-family: helvetica, arial, sans-serif; font-size: 14pt;\">La juventud debe ser feliz\u00a0<\/span><\/div>\n<div dir=\"auto\" style=\"text-align: justify;\"><\/div>\n<div dir=\"auto\" style=\"text-align: justify;\"><span style=\"font-family: helvetica, arial, sans-serif; font-size: 14pt;\">Tambi\u00e9n, Dennys \u00c1vila Rodr\u00edguez, coordinador regional del Movimiento Nacional de Recreadores en Falc\u00f3n,\u00a0 estas acciones son parte de la Gran Misi\u00f3n Venezuela Joven, donde la juventud forma parte important\u00edsima de esa misi\u00f3n,\u00a0 \u00abporque formamos parte de la utilidad de la emoci\u00f3n, del motivo que debe tener la juventud para no dejar de ser feliz. La juventud no puede dejar de ser feliz, la juventud tiene que ser feliz y es el movimiento de recreadores los llamados a dar felicidad a los otros, que le den emoci\u00f3n, que le den motivo para poder recrearse\u00bb.<\/span><\/div>\n<div dir=\"auto\" style=\"text-align: justify;\"><\/div>\n<div dir=\"auto\" style=\"text-align: justify;\"><span style=\"font-family: helvetica, arial, sans-serif; font-size: 14pt;\">Precis\u00f3, los procesos formativos del Inces, les brinda la oportunidad de certificarse como: Promotor Recreativo, Asistente de Recreaci\u00f3n y Auxiliar de Recreaci\u00f3n, es con la finalidad que\u00a0avancen profesionalmente\u00a0 \u00abes el momento de profesionalizarse, es momento de nosotros poder entender que la recreaci\u00f3n no puede ser algo que se improvise, sino que debe ser planificada\u00a0\u00a0<\/span><\/div>\n<div dir=\"auto\" style=\"text-align: justify;\"><\/div>\n<div dir=\"auto\" style=\"text-align: justify;\"><span style=\"font-family: helvetica, arial, sans-serif; font-size: 14pt;\">Manifest\u00f3 Avila, sentirse orgulloso con el lanzamiento del Plan de Formaci\u00f3n para los recreadores,\u00a0 Falc\u00f3n es el primer estado, en\u00a0 tener un movimiento de recreadores,\u00a0 \u00fanico movimiento de recreaci\u00f3n integral comunitaria; adem\u00e1s, es totalmente voluntario y tributa a la juventud del partido directamente y muchos son miembros de las estructuras, muchos han estado como militante de la Juventud, participando en movilizaciones, en agitaciones del Psuv, \u00ablo que quiere decir, hay un liderazgo que ofrecer a trav\u00e9s del Movimiento Nacional de Recreadores y con el Inces, vamos a avanzar en la profesionalizaci\u00f3n t\u00e9cnica de estos j\u00f3venes\u00bb.<\/span><\/div>\n<div class=\"adL\" dir=\"auto\" style=\"text-align: justify;\"><\/div>\n<\/div>\n<\/div>\n<\/div>\n<\/div>\n<\/div>\n<\/div>\n<\/div>\n<\/div>\n<\/div>\n<\/div>\n<\/div>\n<\/div>\n<p>&nbsp;<\/p>\n","protected":false},"excerpt":{"rendered":"<p>**Con la finalidad de formar y fortalecer a los l\u00edderes del Movimiento con la visi\u00f3n de la Recreaci\u00f3n Transformadora<\/p>\n","protected":false},"author":15,"featured_media":43179,"comment_status":"closed","ping_status":"closed","sticky":false,"template":"","format":"standard","meta":{"footnotes":""},"categories":[2],"tags":[],"class_list":["post-57098","post","type-post","status-publish","format-standard","has-post-thumbnail","hentry","category-blog"],"_links":{"self":[{"href":"https:\/\/inces.gob.ve\/index.php\/wp-json\/wp\/v2\/posts\/57098","targetHints":{"allow":["GET"]}}],"collection":[{"href":"https:\/\/inces.gob.ve\/index.php\/wp-json\/wp\/v2\/posts"}],"about":[{"href":"https:\/\/inces.gob.ve\/index.php\/wp-json\/wp\/v2\/types\/post"}],"author":[{"embeddable":true,"href":"https:\/\/inces.gob.ve\/index.php\/wp-json\/wp\/v2\/users\/15"}],"replies":[{"embeddable":true,"href":"https:\/\/inces.gob.ve\/index.php\/wp-json\/wp\/v2\/comments?post=57098"}],"version-history":[{"count":4,"href":"https:\/\/inces.gob.ve\/index.php\/wp-json\/wp\/v2\/posts\/57098\/revisions"}],"predecessor-version":[{"id":57124,"href":"https:\/\/inces.gob.ve\/index.php\/wp-json\/wp\/v2\/posts\/57098\/revisions\/57124"}],"wp:featuredmedia":[{"embeddable":true,"href":"https:\/\/inces.gob.ve\/index.php\/wp-json\/wp\/v2\/media\/43179"}],"wp:attachment":[{"href":"https:\/\/inces.gob.ve\/index.php\/wp-json\/wp\/v2\/media?parent=57098"}],"wp:term":[{"taxonomy":"category","embeddable":true,"href":"https:\/\/inces.gob.ve\/index.php\/wp-json\/wp\/v2\/categories?post=57098"},{"taxonomy":"post_tag","embeddable":true,"href":"https:\/\/inces.gob.ve\/index.php\/wp-json\/wp\/v2\/tags?post=57098"}],"curies":[{"name":"wp","href":"https:\/\/api.w.org\/{rel}","templated":true}]}}