{"id":57250,"date":"2024-03-10T10:51:54","date_gmt":"2024-03-10T14:51:54","guid":{"rendered":"https:\/\/inces.gob.ve\/?p=57250"},"modified":"2024-03-15T15:30:13","modified_gmt":"2024-03-15T19:30:13","slug":"falcon-inces-agasajo-a-trabajadoras-por-el-dia-internacional-de-la-mujer","status":"publish","type":"post","link":"https:\/\/inces.gob.ve\/index.php\/2024\/03\/10\/falcon-inces-agasajo-a-trabajadoras-por-el-dia-internacional-de-la-mujer\/","title":{"rendered":"FALC\u00d3N | Inces agasaj\u00f3 a trabajadoras por el D\u00eda Internacional de la Mujer"},"content":{"rendered":"<div dir=\"auto\" style=\"text-align: justify;\"><em><strong><span style=\"font-family: helvetica, arial, sans-serif; font-size: 14pt;\">**La instituci\u00f3n organiz\u00f3 una serie de sorpresas que las mujeres recibieron con mucho benepl\u00e1cito\u00a0<\/span><\/strong><\/em><\/div>\n<p><!--more--><\/p>\n<p>&nbsp;<\/p>\n<div dir=\"auto\" style=\"text-align: justify;\"><\/div>\n<div dir=\"auto\" style=\"text-align: justify;\"><span style=\"font-family: helvetica, arial, sans-serif; font-size: 14pt;\">MIRIAM GONZ\u00c1LEZ VILLARROEL.\u00a0<\/span><\/div>\n<div dir=\"auto\" style=\"text-align: justify;\"><span style=\"font-family: helvetica, arial, sans-serif; font-size: 14pt;\">El Instituto Nacional de Capacitaci\u00f3n y Educaci\u00f3n Socialista (Inces) simult\u00e1neamente en Coro y Punto Fijo organiz\u00f3 extraordinarias actividades para celebrar el D\u00eda Internacional de la Mujer, que estuvieron organizadas por la Gerencia Regional, la Divisi\u00f3n de Talento Humano, Divisi\u00f3n de Administraci\u00f3n, Centros de Formaci\u00f3n Socialista (CFS) y en vinculaci\u00f3n con el Servicio Nacional de Medicina y Ciencias Forenses (Senamecf) Falc\u00f3n desarrollaron la Charla: El Maltrato No es Amor.<\/span><\/div>\n<div dir=\"auto\" style=\"text-align: justify;\"><\/div>\n<div dir=\"auto\" style=\"text-align: justify;\"><span style=\"font-family: helvetica, arial, sans-serif; font-size: 14pt;\">Los equipos del Senamef Falc\u00f3n\u00a0 tanto en Coro como en Punto Fijo desarrollaron din\u00e1micas de integraci\u00f3n, a trav\u00e9s de las cuales dieron a conocer que la violencia comienza por el maltrato psicol\u00f3gico y las mujeres presentes pudieron disipar dudas y conocer tambi\u00e9n, acerca de las leyes y organismos que las protegen en caso de maltratos, recordando que existen diversos tipos de maltratos: verbal,\u00a0 psicol\u00f3gico,\u00a0 f\u00edsico, cibern\u00e9tico, sexual,\u00a0 entre otros.<\/span><\/div>\n<div dir=\"auto\" style=\"text-align: justify;\"><\/div>\n<div dir=\"auto\" style=\"text-align: justify;\"><span style=\"font-family: helvetica, arial, sans-serif; font-size: 14pt;\">La Organizaci\u00f3n Mundial de la Salud (OMS) ha mostrado la importancia de los efectos de la violencia sobre la salud y con ello ha iniciado un nuevo enfoque de an\u00e1lisis de la violencia con propuestas muy interesantes para combatirla. De los distintos tipos de violencia existentes uno de los m\u00e1s preocupantes es la violencia interpersonal.<\/span><\/div>\n<div dir=\"auto\" style=\"text-align: justify;\"><\/div>\n<div dir=\"auto\" style=\"text-align: justify;\"><span style=\"font-family: helvetica, arial, sans-serif; font-size: 14pt;\">Posterior a las charlas, las mujeres fueron agasajados con almuerzos y fueron sorprendidas por la llegada del mariachi, quien ofreci\u00f3 una serenata con hermosas canciones dirigidas a las mujeres, quienes valoraron la iniciativa como un detalle muy hermoso.<\/span><\/div>\n<div dir=\"auto\" style=\"text-align: justify;\"><\/div>\n<div dir=\"auto\" style=\"text-align: justify;\"><span style=\"font-family: helvetica, arial, sans-serif; font-size: 14pt;\">Tambi\u00e9n, se entregaron rosas para enaltecer a las mujeres empoderadas de la instituci\u00f3n; asimismo, las maestras t\u00e9cnico productivas y las participantes que apoyaron la iniciativa tuvieron la cortes\u00eda de entregar obsequios a las mujeres presentes.<\/span><\/div>\n<div dir=\"auto\" style=\"text-align: justify;\"><\/div>\n<div dir=\"auto\" style=\"text-align: justify;\"><span style=\"font-family: helvetica, arial, sans-serif; font-size: 14pt;\">Es de resaltar, que los espacios de los centros de formaci\u00f3n fueron decorados por las participantes y maestras acordes a la ocasi\u00f3n. En estos espacios se encontraron, trabajadores,\u00a0 maestras, estudiantes, aprendices y el equipo de la Superintendencia Nacional de Cooperativas (Sunacoop).<\/span><\/div>\n","protected":false},"excerpt":{"rendered":"<p>**La instituci\u00f3n organiz\u00f3 una serie de sorpresas que las mujeres recibieron con mucho benepl\u00e1cito\u00a0<\/p>\n","protected":false},"author":15,"featured_media":57251,"comment_status":"closed","ping_status":"closed","sticky":false,"template":"","format":"standard","meta":{"footnotes":""},"categories":[2],"tags":[],"class_list":["post-57250","post","type-post","status-publish","format-standard","has-post-thumbnail","hentry","category-blog"],"_links":{"self":[{"href":"https:\/\/inces.gob.ve\/index.php\/wp-json\/wp\/v2\/posts\/57250","targetHints":{"allow":["GET"]}}],"collection":[{"href":"https:\/\/inces.gob.ve\/index.php\/wp-json\/wp\/v2\/posts"}],"about":[{"href":"https:\/\/inces.gob.ve\/index.php\/wp-json\/wp\/v2\/types\/post"}],"author":[{"embeddable":true,"href":"https:\/\/inces.gob.ve\/index.php\/wp-json\/wp\/v2\/users\/15"}],"replies":[{"embeddable":true,"href":"https:\/\/inces.gob.ve\/index.php\/wp-json\/wp\/v2\/comments?post=57250"}],"version-history":[{"count":1,"href":"https:\/\/inces.gob.ve\/index.php\/wp-json\/wp\/v2\/posts\/57250\/revisions"}],"predecessor-version":[{"id":57252,"href":"https:\/\/inces.gob.ve\/index.php\/wp-json\/wp\/v2\/posts\/57250\/revisions\/57252"}],"wp:featuredmedia":[{"embeddable":true,"href":"https:\/\/inces.gob.ve\/index.php\/wp-json\/wp\/v2\/media\/57251"}],"wp:attachment":[{"href":"https:\/\/inces.gob.ve\/index.php\/wp-json\/wp\/v2\/media?parent=57250"}],"wp:term":[{"taxonomy":"category","embeddable":true,"href":"https:\/\/inces.gob.ve\/index.php\/wp-json\/wp\/v2\/categories?post=57250"},{"taxonomy":"post_tag","embeddable":true,"href":"https:\/\/inces.gob.ve\/index.php\/wp-json\/wp\/v2\/tags?post=57250"}],"curies":[{"name":"wp","href":"https:\/\/api.w.org\/{rel}","templated":true}]}}