{"id":57268,"date":"2024-03-15T16:46:25","date_gmt":"2024-03-15T20:46:25","guid":{"rendered":"https:\/\/inces.gob.ve\/?p=57268"},"modified":"2024-03-15T16:46:32","modified_gmt":"2024-03-15T20:46:32","slug":"merida-aprendices-meridenos-se-forman-en-diferentes-ocupaciones","status":"publish","type":"post","link":"https:\/\/inces.gob.ve\/index.php\/2024\/03\/15\/merida-aprendices-meridenos-se-forman-en-diferentes-ocupaciones\/","title":{"rendered":"M\u00c9RIDA | Aprendices meride\u00f1os se forman en diferentes ocupaciones"},"content":{"rendered":"<p style=\"text-align: justify;\"><strong><span style=\"font-family: helvetica, arial, sans-serif; font-size: 14pt;\"><em>** Los j\u00f3venes reciben formaci\u00f3n en Cocina, Promotor Social, Administrador de Plataformas Digitales, Gestor de Alimentos, Analista Contable, Secretariado Administrativo y en Mec\u00e1nica Automotriz. <\/em><\/span><\/strong><!--more--><\/p>\n<p style=\"text-align: justify;\"><span style=\"font-family: helvetica, arial, sans-serif; font-size: 14pt;\">NADIA LOBO<\/span><\/p>\n<p style=\"text-align: justify;\"><span style=\"font-family: helvetica, arial, sans-serif; font-size: 14pt;\">El gerente regional del Inces M\u00e9rida, Geldrit Roca inform\u00f3 sobre el avance en la formaci\u00f3n de m\u00e1s cien aprendices, que cursan actualmente\u00a0 las diferentes Unidades Curriculares (UC) transversales y gen\u00e9ricas.<\/span><\/p>\n<p>&nbsp;<\/p>\n<p style=\"text-align: justify;\"><img loading=\"lazy\" decoding=\"async\" class=\"aligncenter wp-image-57271 size-full\" src=\"https:\/\/inces.gob.ve\/wp-content\/uploads\/2024\/03\/PNA-5-e1710535513655.jpg\" alt=\"\" width=\"800\" height=\"600\" \/><\/p>\n<p style=\"text-align: justify;\"><span style=\"font-family: helvetica, arial, sans-serif; font-size: 14pt;\">En este sentido, este grupo de j\u00f3venes del Programa Nacional de Aprendizaje (PNA) que aprobaron el curso introductorio, seg\u00fan lo establecido en el nuevo curr\u00edculo formativo, reciben formaci\u00f3n en el Centro de formaci\u00f3n Socialista (CFS) Bicentenario de M\u00e9rida.<\/span><\/p>\n<p>&nbsp;<\/p>\n<p style=\"text-align: justify;\"><img loading=\"lazy\" decoding=\"async\" class=\"aligncenter wp-image-57269 size-full\" src=\"https:\/\/inces.gob.ve\/wp-content\/uploads\/2024\/03\/PNA-1-e1710535534190.jpg\" alt=\"\" width=\"800\" height=\"600\" \/><\/p>\n<p style=\"text-align: justify;\"><span style=\"font-family: helvetica, arial, sans-serif; font-size: 14pt;\">Los aprendices procedentes de los municipios Libertador, Campo El\u00edas, Sucre y Santos Marquina avanzan en las siguientes ocupaciones: Cocina, Promotor Social, Administrador de Plataformas Digitales, Gestor de Alimentos, Analista Contable, Secretariado Administrativo y Mec\u00e1nica Automotriz.<\/span><\/p>\n<p style=\"text-align: justify;\"><span style=\"font-family: helvetica, arial, sans-serif; font-size: 14pt;\">Explic\u00f3 el titular del Inces, que la formaci\u00f3n est\u00e1 contemplada en 194 horas, para luego proseguir\u00a0 en las unidades curriculares (UC) Espec\u00edficas T\u00e9cnicas, seg\u00fan sea la preferencia\u00a0 de cada aprendiz.<\/span><\/p>\n<p style=\"text-align: justify;\">\n","protected":false},"excerpt":{"rendered":"<p>** Los j\u00f3venes reciben formaci\u00f3n en Cocina, Promotor Social, Administrador de Plataformas Digitales, Gestor de Alimentos, Analista Contable, Secretariado Administrativo y en Mec\u00e1nica Automotriz.<\/p>\n","protected":false},"author":15,"featured_media":57270,"comment_status":"closed","ping_status":"closed","sticky":false,"template":"","format":"standard","meta":{"footnotes":""},"categories":[2],"tags":[],"class_list":["post-57268","post","type-post","status-publish","format-standard","has-post-thumbnail","hentry","category-blog"],"_links":{"self":[{"href":"https:\/\/inces.gob.ve\/index.php\/wp-json\/wp\/v2\/posts\/57268","targetHints":{"allow":["GET"]}}],"collection":[{"href":"https:\/\/inces.gob.ve\/index.php\/wp-json\/wp\/v2\/posts"}],"about":[{"href":"https:\/\/inces.gob.ve\/index.php\/wp-json\/wp\/v2\/types\/post"}],"author":[{"embeddable":true,"href":"https:\/\/inces.gob.ve\/index.php\/wp-json\/wp\/v2\/users\/15"}],"replies":[{"embeddable":true,"href":"https:\/\/inces.gob.ve\/index.php\/wp-json\/wp\/v2\/comments?post=57268"}],"version-history":[{"count":2,"href":"https:\/\/inces.gob.ve\/index.php\/wp-json\/wp\/v2\/posts\/57268\/revisions"}],"predecessor-version":[{"id":57273,"href":"https:\/\/inces.gob.ve\/index.php\/wp-json\/wp\/v2\/posts\/57268\/revisions\/57273"}],"wp:featuredmedia":[{"embeddable":true,"href":"https:\/\/inces.gob.ve\/index.php\/wp-json\/wp\/v2\/media\/57270"}],"wp:attachment":[{"href":"https:\/\/inces.gob.ve\/index.php\/wp-json\/wp\/v2\/media?parent=57268"}],"wp:term":[{"taxonomy":"category","embeddable":true,"href":"https:\/\/inces.gob.ve\/index.php\/wp-json\/wp\/v2\/categories?post=57268"},{"taxonomy":"post_tag","embeddable":true,"href":"https:\/\/inces.gob.ve\/index.php\/wp-json\/wp\/v2\/tags?post=57268"}],"curies":[{"name":"wp","href":"https:\/\/api.w.org\/{rel}","templated":true}]}}