{"id":57311,"date":"2024-03-18T13:15:03","date_gmt":"2024-03-18T17:15:03","guid":{"rendered":"https:\/\/inces.gob.ve\/?p=57311"},"modified":"2024-03-18T13:16:41","modified_gmt":"2024-03-18T17:16:41","slug":"merida-inicio-la-formacion-promotor-deportivo","status":"publish","type":"post","link":"https:\/\/inces.gob.ve\/index.php\/2024\/03\/18\/merida-inicio-la-formacion-promotor-deportivo\/","title":{"rendered":"M\u00c9RIDA | Inici\u00f3 la formaci\u00f3n Promotor Deportivo"},"content":{"rendered":"<p style=\"text-align: justify;\"><strong><span style=\"font-family: helvetica, arial, sans-serif;\"><em>** La formaci\u00f3n se desarrolla en alianza con la alcald\u00eda del municipio Libertador de M\u00e9rida<\/em><\/span><\/strong><!--more--><\/p>\n<p>&nbsp;<\/p>\n<p style=\"text-align: justify;\"><span style=\"font-family: helvetica, arial, sans-serif;\"><strong>NADIA LOBO | M\u00e9rida<\/strong><\/span><\/p>\n<p style=\"text-align: justify;\"><span style=\"font-family: helvetica, arial, sans-serif;\">La Gerencia Regional del Inces M\u00e9rida, a trav\u00e9s del Centro de Formaci\u00f3n Socialista (CFS) Comercio M\u00e9rida, en alianza con el Instituto Municipal de Deportes (IMDEPORTES) desarrollan el perfil productivo Promotor Deportivo, como parte del nuevo plan formativo desde las entidades de trabajo.<\/span><\/p>\n<p style=\"text-align: justify;\"><span style=\"font-family: helvetica, arial, sans-serif;\">La formaci\u00f3n se desarrolla en las instalaciones del parque Ciudad de los Ni\u00f1os, administrado por la alcald\u00eda del municipio Libertador en la ciudad de M\u00e9rida, y cuenta con la participaci\u00f3n de 50 promotores de diferentes disciplinas deportivas.<\/span><\/p>\n<p style=\"text-align: justify;\"><span style=\"font-family: helvetica, arial, sans-serif;\">Es importante destacar, el apoyo del alcalde Jes\u00fas Araque y la direcci\u00f3n de deporte municipal, quienes vienen impulsando la formaci\u00f3n desde el \u00e1mbito de entidades de trabajo del sector p\u00fablico.<\/span><\/p>\n<p style=\"text-align: justify;\"><span style=\"font-family: helvetica, arial, sans-serif;\">De igual manera se destaca el valor de contar en cada comunidad organizada con el apoyo de un promotor deportivo, para la organizaci\u00f3n de actividades\u00a0<em>deportivas<\/em>\u00a0y recreativas que beneficien a ni\u00f1os, j\u00f3venes y adultos.<\/span><\/p>\n<p style=\"text-align: justify;\">\n","protected":false},"excerpt":{"rendered":"<p>** La formaci\u00f3n se desarrolla en alianza con la alcald\u00eda del municipio Libertador de M\u00e9rida<\/p>\n","protected":false},"author":15,"featured_media":57312,"comment_status":"closed","ping_status":"closed","sticky":false,"template":"","format":"standard","meta":{"footnotes":""},"categories":[2],"tags":[],"class_list":["post-57311","post","type-post","status-publish","format-standard","has-post-thumbnail","hentry","category-blog"],"_links":{"self":[{"href":"https:\/\/inces.gob.ve\/index.php\/wp-json\/wp\/v2\/posts\/57311","targetHints":{"allow":["GET"]}}],"collection":[{"href":"https:\/\/inces.gob.ve\/index.php\/wp-json\/wp\/v2\/posts"}],"about":[{"href":"https:\/\/inces.gob.ve\/index.php\/wp-json\/wp\/v2\/types\/post"}],"author":[{"embeddable":true,"href":"https:\/\/inces.gob.ve\/index.php\/wp-json\/wp\/v2\/users\/15"}],"replies":[{"embeddable":true,"href":"https:\/\/inces.gob.ve\/index.php\/wp-json\/wp\/v2\/comments?post=57311"}],"version-history":[{"count":2,"href":"https:\/\/inces.gob.ve\/index.php\/wp-json\/wp\/v2\/posts\/57311\/revisions"}],"predecessor-version":[{"id":57314,"href":"https:\/\/inces.gob.ve\/index.php\/wp-json\/wp\/v2\/posts\/57311\/revisions\/57314"}],"wp:featuredmedia":[{"embeddable":true,"href":"https:\/\/inces.gob.ve\/index.php\/wp-json\/wp\/v2\/media\/57312"}],"wp:attachment":[{"href":"https:\/\/inces.gob.ve\/index.php\/wp-json\/wp\/v2\/media?parent=57311"}],"wp:term":[{"taxonomy":"category","embeddable":true,"href":"https:\/\/inces.gob.ve\/index.php\/wp-json\/wp\/v2\/categories?post=57311"},{"taxonomy":"post_tag","embeddable":true,"href":"https:\/\/inces.gob.ve\/index.php\/wp-json\/wp\/v2\/tags?post=57311"}],"curies":[{"name":"wp","href":"https:\/\/api.w.org\/{rel}","templated":true}]}}