{"id":57315,"date":"2024-03-18T13:22:00","date_gmt":"2024-03-18T17:22:00","guid":{"rendered":"https:\/\/inces.gob.ve\/?p=57315"},"modified":"2024-03-18T13:22:57","modified_gmt":"2024-03-18T17:22:57","slug":"yaracuy-inicio-la-primera-fase-del-oficio-electricista-de-mantenimiento","status":"publish","type":"post","link":"https:\/\/inces.gob.ve\/index.php\/2024\/03\/18\/yaracuy-inicio-la-primera-fase-del-oficio-electricista-de-mantenimiento\/","title":{"rendered":"YARACUY | Inici\u00f3 la primera fase del oficio Electricista de Mantenimiento"},"content":{"rendered":"<p style=\"text-align: justify;\"><strong><span style=\"font-family: helvetica, arial, sans-serif; font-size: 14pt;\"><em>***El \u00a0proyecto final \u00a0consisti\u00f3 en la reparaci\u00f3n y rehabilitaci\u00f3n del\u00a0sistema el\u00e9ctrico del edificio anexo a la gerencia regional del Inces<\/em><\/span><\/strong><!--more--><\/p>\n<p>&nbsp;<\/p>\n<p style=\"text-align: justify;\"><span style=\"font-family: helvetica, arial, sans-serif; font-size: 14pt;\"><strong>YOLAICE VARGAS<\/strong><\/span><\/p>\n<p style=\"text-align: justify;\"><span style=\"font-family: helvetica, arial, sans-serif; font-size: 14pt;\">Como parte de las actividades programadas en la primera fase de la formaci\u00f3n Electricista de Mantenimiento, del Programa Nacional de Aprendizaje (PNA) \u00a0del Instituto Nacional de Capacitaci\u00f3n y Educaci\u00f3n Socialista (Inces),\u00a0 los j\u00f3venes aprendices presentaron proyecto final\u00a0 que consisti\u00f3 en la rehabilitaci\u00f3n del\u00a0 sistema el\u00e9ctrico del edificio anexo a la gerencia regional \u00a0de la instituci\u00f3n.<\/span><\/p>\n<p><img loading=\"lazy\" decoding=\"async\" class=\"aligncenter wp-image-57318 size-full\" src=\"https:\/\/inces.gob.ve\/wp-content\/uploads\/2024\/03\/IMG_20240304_102827_552-scaled-e1710782369258.jpg\" alt=\"\" width=\"800\" height=\"600\" \/><\/p>\n<p style=\"text-align: justify;\"><span style=\"font-family: helvetica, arial, sans-serif; font-size: 14pt;\">Los participantes del Programa Nacional de Aprendizaje, diez en total, mostraron ante la coordinadora regional del PNA, Mar\u00eda Espino, el docente especialista en el \u00e1rea, Efra\u00edn Sequera, representantes de las empresas responsables de los convenios, as\u00ed como de madres, padres y representantes, lo aprendido durante el a\u00f1o de estudio en las instalaciones del CFS San Felipe El Fuerte.<\/span><\/p>\n<p><img loading=\"lazy\" decoding=\"async\" class=\"aligncenter wp-image-57319 size-full\" src=\"https:\/\/inces.gob.ve\/wp-content\/uploads\/2024\/03\/IMG_20240304_104432_451-scaled-e1710782396149.jpg\" alt=\"\" width=\"800\" height=\"600\" \/><\/p>\n<p style=\"text-align: justify;\"><span style=\"font-family: helvetica, arial, sans-serif; font-size: 14pt;\">Los muchachos de manera muy din\u00e1mica explicaron c\u00f3mo inici\u00f3 el proceso de trabajo el cual consisti\u00f3 en cambio de tomacorrientes, apagadores, \u00a0sustituci\u00f3n de cableado, reparaci\u00f3n general del suministro el\u00e9ctrico, as\u00ed como incorporaci\u00f3n de nuevas luminarias.<\/span><\/p>\n<p style=\"text-align: justify;\"><span style=\"font-family: helvetica, arial, sans-serif; font-size: 14pt;\">Cabe destacar que el oficio se lleva a cabo bajo la modalidad de convenio, entre el Inces, instituto formador y las empresas privadas.<\/span><\/p>\n<p><img loading=\"lazy\" decoding=\"async\" class=\"aligncenter wp-image-57317 size-full\" src=\"https:\/\/inces.gob.ve\/wp-content\/uploads\/2024\/03\/IMG_20240304_095651_143-scaled-e1710782473964.jpg\" alt=\"\" width=\"800\" height=\"600\" \/><\/p>\n<p>&nbsp;<\/p>\n<p style=\"text-align: justify;\"><span style=\"font-family: helvetica, arial, sans-serif; font-size: 14pt;\">Es importante mencionar que los materiales \u00a0utilizados para la ejecuci\u00f3n del proyecto fueron suministrados por\u00a0 \u00a0las empresas: Instaya C.A, Grupo Ebenezer C.A, Alimentos Nina C.A y el Inces<\/span><\/p>\n","protected":false},"excerpt":{"rendered":"<p>***El \u00a0proyecto final \u00a0consisti\u00f3 en la reparaci\u00f3n y rehabilitaci\u00f3n del\u00a0sistema el\u00e9ctrico del edificio anexo a la gerencia regional del Inces<\/p>\n","protected":false},"author":15,"featured_media":57316,"comment_status":"closed","ping_status":"closed","sticky":false,"template":"","format":"standard","meta":{"footnotes":""},"categories":[2],"tags":[],"class_list":["post-57315","post","type-post","status-publish","format-standard","has-post-thumbnail","hentry","category-blog"],"_links":{"self":[{"href":"https:\/\/inces.gob.ve\/index.php\/wp-json\/wp\/v2\/posts\/57315","targetHints":{"allow":["GET"]}}],"collection":[{"href":"https:\/\/inces.gob.ve\/index.php\/wp-json\/wp\/v2\/posts"}],"about":[{"href":"https:\/\/inces.gob.ve\/index.php\/wp-json\/wp\/v2\/types\/post"}],"author":[{"embeddable":true,"href":"https:\/\/inces.gob.ve\/index.php\/wp-json\/wp\/v2\/users\/15"}],"replies":[{"embeddable":true,"href":"https:\/\/inces.gob.ve\/index.php\/wp-json\/wp\/v2\/comments?post=57315"}],"version-history":[{"count":2,"href":"https:\/\/inces.gob.ve\/index.php\/wp-json\/wp\/v2\/posts\/57315\/revisions"}],"predecessor-version":[{"id":57321,"href":"https:\/\/inces.gob.ve\/index.php\/wp-json\/wp\/v2\/posts\/57315\/revisions\/57321"}],"wp:featuredmedia":[{"embeddable":true,"href":"https:\/\/inces.gob.ve\/index.php\/wp-json\/wp\/v2\/media\/57316"}],"wp:attachment":[{"href":"https:\/\/inces.gob.ve\/index.php\/wp-json\/wp\/v2\/media?parent=57315"}],"wp:term":[{"taxonomy":"category","embeddable":true,"href":"https:\/\/inces.gob.ve\/index.php\/wp-json\/wp\/v2\/categories?post=57315"},{"taxonomy":"post_tag","embeddable":true,"href":"https:\/\/inces.gob.ve\/index.php\/wp-json\/wp\/v2\/tags?post=57315"}],"curies":[{"name":"wp","href":"https:\/\/api.w.org\/{rel}","templated":true}]}}