{"id":57339,"date":"2024-03-10T15:09:07","date_gmt":"2024-03-10T19:09:07","guid":{"rendered":"https:\/\/inces.gob.ve\/?p=57339"},"modified":"2024-03-18T15:26:02","modified_gmt":"2024-03-18T19:26:02","slug":"trujillo-inces-rinde-homenaje-a-las-mujeres-en-su-dia","status":"publish","type":"post","link":"https:\/\/inces.gob.ve\/index.php\/2024\/03\/10\/trujillo-inces-rinde-homenaje-a-las-mujeres-en-su-dia\/","title":{"rendered":"TRUJILLO | Inces rinde homenaje a las mujeres en su d\u00eda"},"content":{"rendered":"<p><span style=\"font-family: helvetica, arial, sans-serif; font-size: 14pt;\">* * El Instituto Nacional de Capacitaci\u00f3n y Educaci\u00f3n Socialista (Inces) conmemor\u00f3 como cada 8 de marzo, el D\u00eda Internacional de la Mujer de acuerdo con las tradiciones y costumbres institucionales, el escenario dispuesto para tal fin fue el auditorio Luis Beltr\u00e1n Prieto Figueroa del Centro de Formaci\u00f3n Socialista (CFS) Al\u00cd Primera<\/span><!--more--><\/p>\n<p><strong><span style=\"font-family: helvetica, arial, sans-serif; font-size: 14pt;\">Prensa<\/span><\/strong><br \/>\n<strong><span style=\"font-family: helvetica, arial, sans-serif; font-size: 14pt;\">Inces regi\u00f3n Trujillo<\/span><\/strong><\/p>\n<p><span style=\"font-family: helvetica, arial, sans-serif; font-size: 14pt;\">En el marco de la conmemoraci\u00f3n del D\u00eda Internacional de la Mujer, dedicado a la lucha por la igualdad y la participaci\u00f3n en todos los espacios, el gerente del Inces regi\u00f3n Trujillo, \u00a0Alexis Brice\u00f1o, dedic\u00f3 esta d\u00eda para homenajear a la mujer trabajadora valiente que lidera los procesos de transformaci\u00f3n que conducen al desarrollo productivo y econ\u00f3mico de la regi\u00f3n.<\/span><\/p>\n<p><span style=\"font-family: helvetica, arial, sans-serif; font-size: 14pt;\">Por ello, se dispuso el escenario del auditorio Luis Beltr\u00e1n Prieto Figueroa del CFS Al\u00ed Primera para congregar a las trabajadoras Inces y exaltar al g\u00e9nero femenino en este d\u00eda tan importante. En este sentido, se cont\u00f3 con actividades culturales, recreativas, rifas, culminando con el almuerzo especial.<\/span><\/p>\n<p><span style=\"font-family: helvetica, arial, sans-serif; font-size: 14pt;\">Este emotivo acto, cont\u00f3 con la participaci\u00f3n de trabajadoras de las unidades del PNA, Formaci\u00f3n Profesional, Talento Humano, Administraci\u00f3n, Inform\u00e1tica, Tributos, liceo Inces entre otras; las disciplinas de baile y canto fueron las m\u00e1s solicitadas e interpretadas por las mujeres asistentes quienes fueron premiadas a trav\u00e9s de rifas con bellos detalles femeninos.<\/span><\/p>\n<p>&nbsp;<\/p>\n<div class=\"yj6qo\"><\/div>\n<div class=\"adL\"><\/div>\n","protected":false},"excerpt":{"rendered":"<p>* * El Instituto Nacional de Capacitaci\u00f3n y Educaci\u00f3n Socialista (Inces) conmemor\u00f3 como cada 8 de marzo, el D\u00eda Internacional de la Mujer de acuerdo con las tradiciones y costumbres institucionales, el escenario dispuesto para tal fin fue el auditorio Luis Beltr\u00e1n Prieto Figueroa del Centro de Formaci\u00f3n Socialista (CFS) Al\u00cd Primera<\/p>\n","protected":false},"author":4,"featured_media":57340,"comment_status":"closed","ping_status":"closed","sticky":false,"template":"","format":"standard","meta":{"footnotes":""},"categories":[2],"tags":[],"class_list":["post-57339","post","type-post","status-publish","format-standard","has-post-thumbnail","hentry","category-blog"],"_links":{"self":[{"href":"https:\/\/inces.gob.ve\/index.php\/wp-json\/wp\/v2\/posts\/57339","targetHints":{"allow":["GET"]}}],"collection":[{"href":"https:\/\/inces.gob.ve\/index.php\/wp-json\/wp\/v2\/posts"}],"about":[{"href":"https:\/\/inces.gob.ve\/index.php\/wp-json\/wp\/v2\/types\/post"}],"author":[{"embeddable":true,"href":"https:\/\/inces.gob.ve\/index.php\/wp-json\/wp\/v2\/users\/4"}],"replies":[{"embeddable":true,"href":"https:\/\/inces.gob.ve\/index.php\/wp-json\/wp\/v2\/comments?post=57339"}],"version-history":[{"count":1,"href":"https:\/\/inces.gob.ve\/index.php\/wp-json\/wp\/v2\/posts\/57339\/revisions"}],"predecessor-version":[{"id":57341,"href":"https:\/\/inces.gob.ve\/index.php\/wp-json\/wp\/v2\/posts\/57339\/revisions\/57341"}],"wp:featuredmedia":[{"embeddable":true,"href":"https:\/\/inces.gob.ve\/index.php\/wp-json\/wp\/v2\/media\/57340"}],"wp:attachment":[{"href":"https:\/\/inces.gob.ve\/index.php\/wp-json\/wp\/v2\/media?parent=57339"}],"wp:term":[{"taxonomy":"category","embeddable":true,"href":"https:\/\/inces.gob.ve\/index.php\/wp-json\/wp\/v2\/categories?post=57339"},{"taxonomy":"post_tag","embeddable":true,"href":"https:\/\/inces.gob.ve\/index.php\/wp-json\/wp\/v2\/tags?post=57339"}],"curies":[{"name":"wp","href":"https:\/\/api.w.org\/{rel}","templated":true}]}}