{"id":57353,"date":"2024-03-18T16:13:14","date_gmt":"2024-03-18T20:13:14","guid":{"rendered":"https:\/\/inces.gob.ve\/?p=57353"},"modified":"2024-03-18T16:17:57","modified_gmt":"2024-03-18T20:17:57","slug":"culminan-talleres-de-produccion-radial-y-guion-audiovisual-de-la-emci","status":"publish","type":"post","link":"https:\/\/inces.gob.ve\/index.php\/2024\/03\/18\/culminan-talleres-de-produccion-radial-y-guion-audiovisual-de-la-emci\/","title":{"rendered":"Culminan talleres de Producci\u00f3n Radial y Guion Audiovisual de la EMCI"},"content":{"rendered":"<p style=\"text-align: justify;\" align=\"justify\"><span style=\"font-family: helvetica, arial, sans-serif; font-size: 14pt;\"><strong><i><b>**Con una participaci\u00f3n masiva culminaron ambos talleres dirigidos a los participantes que entusiasmados terminaron la segunda semana formativa del mes de marzo de la Escuela de Medios y Comunicaci\u00f3n del \u00a0Inces<\/b><\/i><\/strong><!--more--><\/span><\/p>\n<p style=\"text-align: justify;\" align=\"justify\"><span style=\"font-family: helvetica, arial, sans-serif; font-size: 14pt;\">T\/ Prensa Inces<br \/>\nF\/\u00d3scar A. Rodr\u00edguez<\/span><\/p>\n<p style=\"text-align: justify;\"><span style=\"font-size: 14pt; font-family: helvetica, arial, sans-serif;\">Tras una semana de formaci\u00f3n en la Escuela de Medios y Comunicaci\u00f3n del \u00a0Inces (EMCI) en los turnos diurnos y vespertino, en la modalidad presencial, culminaron los talleres de Producci\u00f3n Radial y Guion Audiovisual, facilitados por Luis J. Gonz\u00e1lez C. y Kelvin Malav\u00e9 respectivamente, ambos profesionales de trayectoria en estos medios, los cuales contaron con participantes de diferentes perfiles profesionales, quienes manifestaron estar complacidos con la calidad formativa de los facilitadores al tiempo que invitaron a continuar fomentando la participaci\u00f3n en las personas interesadas en el mundo comunicacional.<\/span><\/p>\n<p>&nbsp;<\/p>\n<p><img loading=\"lazy\" decoding=\"async\" class=\"aligncenter wp-image-57357 size-full\" src=\"https:\/\/inces.gob.ve\/wp-content\/uploads\/2024\/03\/vlcsnap-2024-03-15-15h33m24s370-e1710792935465.png\" alt=\"\" width=\"800\" height=\"450\" \/><\/p>\n<p style=\"text-align: justify;\"><span style=\"font-size: 14pt; font-family: helvetica, arial, sans-serif;\">Duglianny Ram\u00edrez, estudiante de comunicaci\u00f3n social en la Universidad Bolivariana de Venezuela se\u00f1al\u00f3 que su inclinaci\u00f3n en materia de medios es el mundo radial, por ello decidi\u00f3 tomar el taller de producci\u00f3n radial \u201cen este tipo de talleres nos ense\u00f1an diferentes tipos de herramientas que nos permiten construir un mejor camino hacia nuestra profesionalizaci\u00f3n\u201d, destac\u00f3.<\/span><\/p>\n<p style=\"text-align: justify;\"><span style=\"font-size: 14pt; font-family: helvetica, arial, sans-serif;\">Entretanto Ernesto Cabrera, comunicador social en ejercicio y quien cuenta con su propio espacio radiof\u00f3nico en una emisora comunitaria, coment\u00f3 sentirse satisfecho con la formaci\u00f3n proporcionada en el taller de producci\u00f3n radial \u201ccon todo lo aprendido en este taller mejorar\u00e9 lo que he venido haciendo e invit\u00f3 a otras personas a venir a la EMCI\u201d, enfatiz\u00f3.<\/span><\/p>\n<p>&nbsp;<\/p>\n<p><img loading=\"lazy\" decoding=\"async\" class=\"wp-image-57356 size-full aligncenter\" src=\"https:\/\/inces.gob.ve\/wp-content\/uploads\/2024\/03\/vlcsnap-2024-03-15-15h32m50s045-e1710793001410.png\" alt=\"\" width=\"800\" height=\"450\" \/><\/p>\n<p style=\"text-align: justify;\"><span style=\"font-size: 14pt; font-family: helvetica, arial, sans-serif;\">Por su parte Sarhay Callaspo, qui\u00e9n particip\u00f3 en ambos talleres record\u00f3 que recientemente culmin\u00f3 sus estudios en Comunicaci\u00f3n Social donde la pr\u00e1ctica y elementos proporcionados por los formadores fueron fundamentales para tener mayor conocimiento de lo proporcionado en la parte acad\u00e9mica universitaria \u201cme parece interesante que ofrezcan esta oportunidad y que contemos con escuelas como la EMCI y de manera gratuita nos permite tener mayor acceso a las personas que nos gustan los medios de comunicaci\u00f3n\u201d, dijo.<\/span><\/p>\n<p style=\"text-align: justify;\"><span style=\"font-size: 14pt; font-family: helvetica, arial, sans-serif;\">Para participar en los talleres de la EMCI solo es necesario estar atento de las redes sociales de la escuela en Instagram @escuelademediosinces o dirigirse al piso siete de la sede del Inces ubicada en la avenida Nueva Granada para solicitar la informaci\u00f3n.\ufffc<\/span><\/p>\n","protected":false},"excerpt":{"rendered":"<p>**Con una participaci\u00f3n masiva culminaron ambos talleres dirigidos a los participantes que entusiasmados terminaron la segunda semana formativa del mes de marzo de la Escuela de Medios y Comunicaci\u00f3n del \u00a0Inces<\/p>\n","protected":false},"author":15,"featured_media":57358,"comment_status":"closed","ping_status":"closed","sticky":false,"template":"","format":"standard","meta":{"footnotes":""},"categories":[2],"tags":[],"class_list":["post-57353","post","type-post","status-publish","format-standard","has-post-thumbnail","hentry","category-blog"],"_links":{"self":[{"href":"https:\/\/inces.gob.ve\/index.php\/wp-json\/wp\/v2\/posts\/57353","targetHints":{"allow":["GET"]}}],"collection":[{"href":"https:\/\/inces.gob.ve\/index.php\/wp-json\/wp\/v2\/posts"}],"about":[{"href":"https:\/\/inces.gob.ve\/index.php\/wp-json\/wp\/v2\/types\/post"}],"author":[{"embeddable":true,"href":"https:\/\/inces.gob.ve\/index.php\/wp-json\/wp\/v2\/users\/15"}],"replies":[{"embeddable":true,"href":"https:\/\/inces.gob.ve\/index.php\/wp-json\/wp\/v2\/comments?post=57353"}],"version-history":[{"count":4,"href":"https:\/\/inces.gob.ve\/index.php\/wp-json\/wp\/v2\/posts\/57353\/revisions"}],"predecessor-version":[{"id":57362,"href":"https:\/\/inces.gob.ve\/index.php\/wp-json\/wp\/v2\/posts\/57353\/revisions\/57362"}],"wp:featuredmedia":[{"embeddable":true,"href":"https:\/\/inces.gob.ve\/index.php\/wp-json\/wp\/v2\/media\/57358"}],"wp:attachment":[{"href":"https:\/\/inces.gob.ve\/index.php\/wp-json\/wp\/v2\/media?parent=57353"}],"wp:term":[{"taxonomy":"category","embeddable":true,"href":"https:\/\/inces.gob.ve\/index.php\/wp-json\/wp\/v2\/categories?post=57353"},{"taxonomy":"post_tag","embeddable":true,"href":"https:\/\/inces.gob.ve\/index.php\/wp-json\/wp\/v2\/tags?post=57353"}],"curies":[{"name":"wp","href":"https:\/\/api.w.org\/{rel}","templated":true}]}}