{"id":57359,"date":"2024-03-14T16:15:58","date_gmt":"2024-03-14T20:15:58","guid":{"rendered":"https:\/\/inces.gob.ve\/?p=57359"},"modified":"2024-04-08T10:30:10","modified_gmt":"2024-04-08T14:30:10","slug":"miranda-inces-realizo-el-lanzamiento-del-plan-de-formacion-de-guias-y-asistentes-de-baja-y-media-montana","status":"publish","type":"post","link":"https:\/\/inces.gob.ve\/index.php\/2024\/03\/14\/miranda-inces-realizo-el-lanzamiento-del-plan-de-formacion-de-guias-y-asistentes-de-baja-y-media-montana\/","title":{"rendered":"MIRANDA | Inces realiz\u00f3 el Lanzamiento del Plan de Formaci\u00f3n de Gu\u00edas y Asistentes de baja y media monta\u00f1a."},"content":{"rendered":"<p style=\"font-weight: 400; text-align: justify;\"><span style=\"font-family: helvetica, arial, sans-serif; font-size: 14pt;\"><em>** A trav\u00e9s de la formaci\u00f3n del Inces aprender\u00e1n a ser formador ambiental, ser un ciudadano responsable como la Eco-Ciudadan\u00eda y conocer la importancia de proteger la vida de las personas que van acompa\u00f1ar<\/em><\/span><!--more--><\/p>\n<p style=\"font-weight: 400; text-align: justify;\"><span style=\"font-family: helvetica, arial, sans-serif; font-size: 14pt;\"><strong><em>\u00a0<\/em><\/strong><\/span><\/p>\n<p style=\"font-weight: 400; text-align: justify;\"><span style=\"font-family: helvetica, arial, sans-serif; font-size: 14pt;\">Desde el Auditorio Fonpyme ubicado en la Torre Europa de la Av. Francisco de Miranda del municipio Chacao, se realiz\u00f3 el Lanzamiento del Plan de Formaci\u00f3n\u00a0Gu\u00edas de monta\u00f1a\u00a0que da respuesta al Congreso de Juventudes por la Vida en el Planeta (CONVIDA) con los perfiles productivos: Gu\u00eda y Asistente de Gu\u00eda de Turismo de Aventura de Baja y Media Monta\u00f1a.<\/span><\/p>\n<p>&nbsp;<\/p>\n<p style=\"font-weight: 400; text-align: justify;\"><span style=\"font-family: helvetica, arial, sans-serif; font-size: 14pt;\">En el evento se cont\u00f3 con la presencia de la gerente regional del Instituto Nacional de Capacitaci\u00f3n y Educaci\u00f3n Socialista (Inces), Noris Soto Fern\u00e1ndez, la secretaria de Ambiente de la Gobernaci\u00f3n de Miranda, Francis Herrera, la coordinadora Estadal de la Juventud del Partido Socialista Unido de Venezuela Yeureska de la Rosa, el gerente de la Misi\u00f3n \u00c1rbol en Miranda Sael Fuentes, el coordinador de CONVIDA Joswell Rodr\u00edguez, la jefa de formaci\u00f3n profesional del Inces Dafne Partidas y del Programa Turismo Inces Silvina Monteiro.<\/span><\/p>\n<p>&nbsp;<\/p>\n<p style=\"font-weight: 400; text-align: justify;\"><span style=\"font-family: helvetica, arial, sans-serif; font-size: 14pt;\">La gerente regional del Inces Miranda Noris Soto Fern\u00e1ndez expres\u00f3 que por orientaciones del presidente Wuikelman \u00c1ngel Paredes junto a los maestros del Inces se da inicio a la formaci\u00f3n e integraci\u00f3n del trabajo arduo que se realizar\u00e1n en los pr\u00f3ximos meses para que se desarrolle las mallas curriculares, desde hace 2 a\u00f1os la instituci\u00f3n tiene una transformaci\u00f3n donde no se llama curso, ahora formaci\u00f3n, cuenta con perfiles productivos con sus unidades curriculares, para que las actividades vinculadas al motor turismo sean reconocidas a nivel universitario<em>,\u00a0<\/em>un<em>\u00a0<\/em><em>certificado<\/em>\u00a0que adem\u00e1s es reconocido internacionalmente y avalado por la Organizaci\u00f3n Internacional del Trabajo (<em>OIT<\/em>), donde el inces les da oportunidades a j\u00f3venes y adultos.<\/span><\/p>\n<p>&nbsp;<\/p>\n<p style=\"font-weight: 400; text-align: justify;\"><span style=\"font-family: helvetica, arial, sans-serif; font-size: 14pt;\">La secretaria de Ambiente de la Gobernaci\u00f3n de Miranda Francis Herrera detall\u00f3 que \u201cFelicito al Inces porque fui egresada de la instituci\u00f3n en los Cortijos del curso de contabilidad una experiencia incre\u00edble donde hoy celebro como el Inces les brinda oportunidades a las personas en este camino del estudio y la capacitaci\u00f3n profesional, nunca es tarde para aprender e innovar, el sistema de aprendizaje del Inces no es solo clase magistral, si no la autoformaci\u00f3n de como aprender junto al compa\u00f1ero, donde las experiencias les servir\u00e1n a otros que se est\u00e1n iniciando, desde la secretaria de ambiente de la gobernaci\u00f3n de Miranda hace 2 a\u00f1os se emprendi\u00f3 un camino que no estaba en el estado, para darle continuidad una pol\u00edtica que inici\u00f3 el gobernador Hector Rodr\u00edguez, el estado estaba totalmente perdido, con problemas de salud, inseguridad, problemas de educaci\u00f3n, el turismo no se pod\u00eda establecer los comerciantes, las personas que se dedicaban a actividades con el turismo la cual migraron a otros espacios, ahora a trav\u00e9s de una pol\u00edtica muy buena de seguridad, tenemos uno de los estados m\u00e1s seguro de Venezuela, mayor matr\u00edcula a nivel educaci\u00f3n en todos sus niveles, establecimos una pol\u00edtica de salud que permiti\u00f3 atender a nuestro pueblos en los hospitales, la recuperaci\u00f3n de \u00e1reas de turismo, las \u00e1reas de recreaci\u00f3n y recibir los que nos quieran visitar.<\/span><\/p>\n<p>&nbsp;<\/p>\n<p>&nbsp;<\/p>\n<p style=\"font-weight: 400; text-align: justify;\"><span style=\"font-family: helvetica, arial, sans-serif; font-size: 14pt;\">\u201cSe cre\u00f3 la secretar\u00eda de ambiente para la formaci\u00f3n y la capacitaci\u00f3n una materia transversal donde los que van a iniciar como gu\u00eda les va a permitir acercarse a grupos de personas que quieren tener contacto con la naturaleza, les va a permitir sensibilizarse, mucho de los participantes ya ejercen experiencia de gu\u00eda, pero a trav\u00e9s de la formaci\u00f3n del Inces aprender\u00e1n ser formador ambiental, ser un ciudadano responsable como la Eco-Ciudadan\u00eda, la importancia de proteger la vida de las personas que van acompa\u00f1ar y proteger la vida de futura generaci\u00f3n, adem\u00e1s de integrar los equipos, aprender\u00e1n t\u00e9cnicas b\u00e1sicas de c\u00f3mo realizar una actividad tur\u00edstica, una comunicaci\u00f3n efectiva y herramientas de cuales son las pr\u00e1cticas adecuadas para no impactar al ambiente o al medio ambiente donde se desarrollar\u00e1 la actividad, el planeta es una joya, el planeta es lo que nos genera a nosotros la posibilidad de existir\u201d, expres\u00f3 Francis Herrera.<\/span><\/p>\n<p>&nbsp;<\/p>\n<p>&nbsp;<\/p>\n<p style=\"font-weight: 400; text-align: justify;\"><span style=\"font-family: helvetica, arial, sans-serif; font-size: 14pt;\">El participante Elvys Vel\u00e1squez expres\u00f3 \u201cMe forme en Los Teques, en los Altos Mirandinos, como gu\u00eda de turismo, tengo 3 a\u00f1os trabajando y formando, el turismo no es sola llevar a alguien caminar 20 kil\u00f3metros, si no es explicar cada detalle a las turistas que visitan la ruta, la fauna, las plantas, el clima, nosotros somos los actores que debemos promocionar nuestros espacios, explicando la protecci\u00f3n del ambiente y no abandonarlos\u201d.<\/span><\/p>\n<p>&nbsp;<\/p>\n<p style=\"font-weight: 400; text-align: justify;\"><span style=\"font-family: helvetica, arial, sans-serif; font-size: 14pt;\">\u201cTengo una fundaci\u00f3n a trote limpio naci\u00f3 en los tiempos de pandemia, donde limpiamos quebradas y r\u00edos, me especializo en la agricultura biodin\u00e1mica, bio-regeneraci\u00f3n de suelo, no solo ecoturismo si no la parte agr\u00edcola, toda actividad tur\u00edstica genera un impacto en el ambiente\u201d detall\u00f3 el participante Alfonso Jim\u00e9nez.<\/span><\/p>\n<p>&nbsp;<\/p>\n<p style=\"font-weight: 400; text-align: justify;\"><span style=\"font-family: helvetica, arial, sans-serif; font-size: 14pt;\">Gran entusiasmo y expectativa se demostr\u00f3 hoy en el auditorio Fonpyme, para consolidar el proceso de registro e inscripci\u00f3n del Plan Nacional Gu\u00eda de Monta\u00f1a; quienes fueron atendidos por la gerencia regional de Miranda y la Divisi\u00f3n de Formaci\u00f3n profesional.<\/span><\/p>\n","protected":false},"excerpt":{"rendered":"<p>** A trav\u00e9s de la formaci\u00f3n del Inces aprender\u00e1n a ser formador ambiental, ser un ciudadano responsable como la Eco-Ciudadan\u00eda y conocer la importancia de proteger la vida de las personas que van acompa\u00f1ar<\/p>\n","protected":false},"author":4,"featured_media":57360,"comment_status":"closed","ping_status":"closed","sticky":false,"template":"","format":"standard","meta":{"footnotes":""},"categories":[2],"tags":[],"class_list":["post-57359","post","type-post","status-publish","format-standard","has-post-thumbnail","hentry","category-blog"],"_links":{"self":[{"href":"https:\/\/inces.gob.ve\/index.php\/wp-json\/wp\/v2\/posts\/57359","targetHints":{"allow":["GET"]}}],"collection":[{"href":"https:\/\/inces.gob.ve\/index.php\/wp-json\/wp\/v2\/posts"}],"about":[{"href":"https:\/\/inces.gob.ve\/index.php\/wp-json\/wp\/v2\/types\/post"}],"author":[{"embeddable":true,"href":"https:\/\/inces.gob.ve\/index.php\/wp-json\/wp\/v2\/users\/4"}],"replies":[{"embeddable":true,"href":"https:\/\/inces.gob.ve\/index.php\/wp-json\/wp\/v2\/comments?post=57359"}],"version-history":[{"count":3,"href":"https:\/\/inces.gob.ve\/index.php\/wp-json\/wp\/v2\/posts\/57359\/revisions"}],"predecessor-version":[{"id":57631,"href":"https:\/\/inces.gob.ve\/index.php\/wp-json\/wp\/v2\/posts\/57359\/revisions\/57631"}],"wp:featuredmedia":[{"embeddable":true,"href":"https:\/\/inces.gob.ve\/index.php\/wp-json\/wp\/v2\/media\/57360"}],"wp:attachment":[{"href":"https:\/\/inces.gob.ve\/index.php\/wp-json\/wp\/v2\/media?parent=57359"}],"wp:term":[{"taxonomy":"category","embeddable":true,"href":"https:\/\/inces.gob.ve\/index.php\/wp-json\/wp\/v2\/categories?post=57359"},{"taxonomy":"post_tag","embeddable":true,"href":"https:\/\/inces.gob.ve\/index.php\/wp-json\/wp\/v2\/tags?post=57359"}],"curies":[{"name":"wp","href":"https:\/\/api.w.org\/{rel}","templated":true}]}}