{"id":57371,"date":"2024-03-11T16:50:37","date_gmt":"2024-03-11T20:50:37","guid":{"rendered":"https:\/\/inces.gob.ve\/?p=57371"},"modified":"2024-03-18T16:52:05","modified_gmt":"2024-03-18T20:52:05","slug":"barinas-inces-realizo-demostracion-productiva-como-parte-de-la-gran-mision-venezuela-mujer","status":"publish","type":"post","link":"https:\/\/inces.gob.ve\/index.php\/2024\/03\/11\/barinas-inces-realizo-demostracion-productiva-como-parte-de-la-gran-mision-venezuela-mujer\/","title":{"rendered":"BARINAS | Inces realiz\u00f3 demostraci\u00f3n productiva como parte de la Gran Misi\u00f3n Venezuela Mujer"},"content":{"rendered":"<p style=\"text-align: justify;\"><strong><em><span style=\"font-family: helvetica, arial, sans-serif; font-size: 14pt;\">** Exaltando, reconociendo y demostrando el talento de la mujer venezolana incorporada a diversos procesos formativos<\/span><\/em><\/strong><!--more--><\/p>\n<p style=\"text-align: justify;\">\n<p style=\"text-align: justify;\">\n<p style=\"text-align: justify;\"><strong><span style=\"font-family: helvetica, arial, sans-serif; font-size: 14pt;\">HIRASYANEL BAYONA<\/span><\/strong><\/p>\n<p style=\"text-align: justify;\">\n<p style=\"text-align: justify;\"><span style=\"font-family: helvetica, arial, sans-serif; font-size: 14pt;\">Desde espacios de la plaza Jos\u00e9 F\u00e9lix Ribas o plaza El Estudiante, Inces Barinas realiz\u00f3 una peque\u00f1a pero significativa demostraci\u00f3n productiva de mujeres en formaci\u00f3n en marco de la Gran Misi\u00f3n Venezuela Mujer, en atenci\u00f3n al segundo v\u00e9rtice, registro en la plataforma \u201cEd\u00facate en Venezuela Mujer\u201d, donde se\u00a0 prioriza la educaci\u00f3n dirigida al empoderamiento de la mujer venezolana, y en el que el Inces ha asumido la inmensa tarea de proporcionar formaci\u00f3n t\u00e9cnica productiva en defensa y protecci\u00f3n de la mujer.<\/span><\/p>\n<p style=\"text-align: justify;\">\n<p>&nbsp;<\/p>\n<p style=\"text-align: justify;\"><span style=\"font-family: helvetica, arial, sans-serif; font-size: 14pt;\">En la actividad estuvieron presentes el Gerente regional, Alvaro Oviedo, jefe de formaci\u00f3n profesional, Alejandro Flores, jefes de centro, personal administrativo, maestros y un gran numero de participantes que exhibieron producci\u00f3n y realizaron demostraciones en vivo en diversas \u00e1reas de formaci\u00f3n, entre las que est\u00e1n: Panader\u00eda, Pasteler\u00eda y reposter\u00eda, Dise\u00f1o de cejas, Generalidades de la est\u00e9tica, Peinados, mo\u00f1os y trenzados, Elaboraci\u00f3n de bolsos tejidos, Confecci\u00f3n de ropa deportiva, Confecci\u00f3n de ropa infantil, Gu\u00eda de turismo, Asistente contable, Reparaci\u00f3n de m\u00e1quinas de coser, Planificaci\u00f3n y control de costos, Granjas integrales, Comercializaci\u00f3n de productos agr\u00edcolas, Amasador de pan, Elaboraci\u00f3n de pan, Oratoria, Gesti\u00f3n de eventos, Protocolo y etiqueta, Carpinter\u00eda b\u00e1sica, Corte de prendas de vestir, Patronaje, Seguridad y salud laboral, Productos y materiales textil, Corte de prendas de vestir.<\/span><\/p>\n<p>&nbsp;<\/p>\n<p style=\"text-align: justify;\">\n<p style=\"text-align: justify;\"><span style=\"font-family: helvetica, arial, sans-serif; font-size: 14pt;\">Por su parte Oviedo expres\u00f3 que la demostraci\u00f3n productiva tiene como finalidad, exponer ante la colectividad barinesa los avances de nuestras mujeres en diversos oficios, dar una idea del potencial productivo que se viene desarrollando en cada uno de los procesos formativos en funci\u00f3n de acatar con amor y dedicaci\u00f3n las orientaciones de brindar herramientas a la mujer venezolana priorizando la educaci\u00f3n, el empoderamiento y el desarrollo de la mujer.<\/span><\/p>\n<p>&nbsp;<\/p>\n<p style=\"text-align: justify;\">\n<p style=\"text-align: justify;\"><span style=\"font-family: helvetica, arial, sans-serif; font-size: 14pt;\">En tal sentido Oviedo hace una invitaci\u00f3n a la colectividad femenina a registrarse en la plataforma \u201cEd\u00facate en Venezuela Mujer\u201d y a sumarse a la formaci\u00f3n t\u00e9cnico productiva que ofrece el Inces, as\u00ed como tambi\u00e9n a la colectividad en general a ser parte de nuestro desarrollo productivo desde la educaci\u00f3n como herramienta de producci\u00f3n y manifiesta que el Inces est\u00e1 al servicio de defender y proteger a la mujer en cada una de sus etapas.<\/span><\/p>\n<p style=\"text-align: justify;\">\n","protected":false},"excerpt":{"rendered":"<p>** Exaltando, reconociendo y demostrando el talento de la mujer venezolana incorporada a diversos procesos formativos<\/p>\n","protected":false},"author":4,"featured_media":57372,"comment_status":"closed","ping_status":"closed","sticky":false,"template":"","format":"standard","meta":{"footnotes":""},"categories":[2],"tags":[],"class_list":["post-57371","post","type-post","status-publish","format-standard","has-post-thumbnail","hentry","category-blog"],"_links":{"self":[{"href":"https:\/\/inces.gob.ve\/index.php\/wp-json\/wp\/v2\/posts\/57371","targetHints":{"allow":["GET"]}}],"collection":[{"href":"https:\/\/inces.gob.ve\/index.php\/wp-json\/wp\/v2\/posts"}],"about":[{"href":"https:\/\/inces.gob.ve\/index.php\/wp-json\/wp\/v2\/types\/post"}],"author":[{"embeddable":true,"href":"https:\/\/inces.gob.ve\/index.php\/wp-json\/wp\/v2\/users\/4"}],"replies":[{"embeddable":true,"href":"https:\/\/inces.gob.ve\/index.php\/wp-json\/wp\/v2\/comments?post=57371"}],"version-history":[{"count":1,"href":"https:\/\/inces.gob.ve\/index.php\/wp-json\/wp\/v2\/posts\/57371\/revisions"}],"predecessor-version":[{"id":57373,"href":"https:\/\/inces.gob.ve\/index.php\/wp-json\/wp\/v2\/posts\/57371\/revisions\/57373"}],"wp:featuredmedia":[{"embeddable":true,"href":"https:\/\/inces.gob.ve\/index.php\/wp-json\/wp\/v2\/media\/57372"}],"wp:attachment":[{"href":"https:\/\/inces.gob.ve\/index.php\/wp-json\/wp\/v2\/media?parent=57371"}],"wp:term":[{"taxonomy":"category","embeddable":true,"href":"https:\/\/inces.gob.ve\/index.php\/wp-json\/wp\/v2\/categories?post=57371"},{"taxonomy":"post_tag","embeddable":true,"href":"https:\/\/inces.gob.ve\/index.php\/wp-json\/wp\/v2\/tags?post=57371"}],"curies":[{"name":"wp","href":"https:\/\/api.w.org\/{rel}","templated":true}]}}