{"id":57374,"date":"2024-03-15T16:52:37","date_gmt":"2024-03-15T20:52:37","guid":{"rendered":"https:\/\/inces.gob.ve\/?p=57374"},"modified":"2024-03-18T16:57:21","modified_gmt":"2024-03-18T20:57:21","slug":"amazonas-inces-a-traves-del-programa-nacional-de-aprendizaje-aborda-entidades-de-trabajo","status":"publish","type":"post","link":"https:\/\/inces.gob.ve\/index.php\/2024\/03\/15\/amazonas-inces-a-traves-del-programa-nacional-de-aprendizaje-aborda-entidades-de-trabajo\/","title":{"rendered":"AMAZONAS | Inces a trav\u00e9s del Programa Nacional de Aprendizaje aborda entidades de trabajo"},"content":{"rendered":"<div><strong><em><span style=\"font-family: helvetica, arial, sans-serif; font-size: 14pt;\">**Jovenes contin\u00faan form\u00e1ndose a trav\u00e9s del Programa Nacional de Aprendizaje con el objetivo de insertarlos en el \u00e1rea laboral en las empresas e instituciones gubernamentales que ofrece nuestro gobierno regional<\/span><\/em><\/strong><\/div>\n<p><!--more--><\/p>\n<div><\/div>\n<div><\/div>\n<div><strong><span style=\"font-family: helvetica, arial, sans-serif; font-size: 14pt;\">FELIX RUIZ<\/span><\/strong><br \/>\n<span style=\"font-family: helvetica, arial, sans-serif; font-size: 14pt;\">La responsable del Programa Nacional de Aprendizaje (PNA) Yuslaisy Arena, junto a su equipo de trabajo, visit\u00f3 la Procuradur\u00eda General del Estado Ind\u00edgena de Amazonas, donde fueron recibidas por Connie Gonz\u00e1lez, procuradora general.<\/span><\/div>\n<div><\/div>\n<div>\n<span style=\"font-family: helvetica, arial, sans-serif; font-size: 14pt;\">El prop\u00f3sito de esta visita fue informar acerca de los beneficios que ofrece el PNA a nuestros estudiantes aprendices. Mediante la inserci\u00f3n en el \u00e1rea laboral y con mayor \u00e9nfasis en las empresas e instituciones gubernamentales que ofrece el Gobierno Regional.<\/span><\/div>\n<div><\/div>\n<div><\/div>\n<div><span style=\"font-family: helvetica, arial, sans-serif; font-size: 14pt;\">Es de vital importancia mencionar que en la actualidad se cuenta con un nuevo modelo de transformaci\u00f3n curricular, donde se adecuan las propuestas formativas.<\/span><\/div>\n<div><\/div>\n<div><\/div>\n<div><span style=\"font-family: helvetica, arial, sans-serif; font-size: 14pt;\"> Aqu\u00ed se consideran las ocupaciones productivas, perfiles productivos y laborales, as\u00ed como tambi\u00e9n las unidades curriculares requeridas por cada entidad de trabajo.<\/span><\/div>\n<div><\/div>\n<div><\/div>\n<div><span style=\"font-family: helvetica, arial, sans-serif; font-size: 14pt;\">El Programa Nacional de Aprendizaje es de car\u00e1cter social, contenido en la Ley y estatutos del INCES, que establece en su Art\u00edculo 33: \u201c&#8230;la Obligaci\u00f3n Civil, que tienen todas las entidades de trabajo que cuenten con quince (15) o m\u00e1s trabajadores y trabajadoras, en contratar y formar a un n\u00famero de aprendices, en el marco del proceso social del trabajo\u201d; bajo la tutela del INCES, en estricto apego a las leyes de la Rep\u00fablica Bolivariana de Venezuela, que sirven de base legal al PNA.<\/span><\/div>\n<div><\/div>\n<div><\/div>\n<div><span style=\"font-family: helvetica, arial, sans-serif; font-size: 14pt;\">El INCES establece que las entidades de trabajo pueden contratar y formar a un n\u00famero de aprendices equivalente del 3 % al 5 % del total de su n\u00f3mina activa. Los j\u00f3venes aprendices reciben una formaci\u00f3n integral en T\u00e9cnicas del \u00e1rea, complementando el pensum de estudio.<\/span><\/div>\n<div><\/div>\n<div><\/div>\n<div><span style=\"font-family: helvetica, arial, sans-serif; font-size: 14pt;\">Esta formaci\u00f3n es dictada por instituciones, organizaciones y profesionales comprometidos con el futuro de los aprendices.<\/span><\/div>\n<div><\/div>\n<div><\/div>\n<div><span style=\"font-family: helvetica, arial, sans-serif; font-size: 14pt;\">Una vez m\u00e1s, podemos decir que estamos creciendo en la formaci\u00f3n de profesionales y T\u00e9cnicos, enmarcados en las directrices del Inces nacional, apoyando la formaci\u00f3n acad\u00e9mica, t\u00e9cnica y profesional de los j\u00f3venes de la Patria.<\/span><\/p>\n<div class=\"yj6qo\"><\/div>\n<div class=\"adL\"><\/div>\n<\/div>\n","protected":false},"excerpt":{"rendered":"<p>**Jovenes contin\u00faan form\u00e1ndose a trav\u00e9s del Programa Nacional de Aprendizaje con el objetivo de insertarlos en el \u00e1rea laboral en las empresas e instituciones gubernamentales que ofrece nuestro gobierno regional<\/p>\n","protected":false},"author":4,"featured_media":57375,"comment_status":"closed","ping_status":"closed","sticky":false,"template":"","format":"standard","meta":{"footnotes":""},"categories":[2],"tags":[],"class_list":["post-57374","post","type-post","status-publish","format-standard","has-post-thumbnail","hentry","category-blog"],"_links":{"self":[{"href":"https:\/\/inces.gob.ve\/index.php\/wp-json\/wp\/v2\/posts\/57374","targetHints":{"allow":["GET"]}}],"collection":[{"href":"https:\/\/inces.gob.ve\/index.php\/wp-json\/wp\/v2\/posts"}],"about":[{"href":"https:\/\/inces.gob.ve\/index.php\/wp-json\/wp\/v2\/types\/post"}],"author":[{"embeddable":true,"href":"https:\/\/inces.gob.ve\/index.php\/wp-json\/wp\/v2\/users\/4"}],"replies":[{"embeddable":true,"href":"https:\/\/inces.gob.ve\/index.php\/wp-json\/wp\/v2\/comments?post=57374"}],"version-history":[{"count":1,"href":"https:\/\/inces.gob.ve\/index.php\/wp-json\/wp\/v2\/posts\/57374\/revisions"}],"predecessor-version":[{"id":57376,"href":"https:\/\/inces.gob.ve\/index.php\/wp-json\/wp\/v2\/posts\/57374\/revisions\/57376"}],"wp:featuredmedia":[{"embeddable":true,"href":"https:\/\/inces.gob.ve\/index.php\/wp-json\/wp\/v2\/media\/57375"}],"wp:attachment":[{"href":"https:\/\/inces.gob.ve\/index.php\/wp-json\/wp\/v2\/media?parent=57374"}],"wp:term":[{"taxonomy":"category","embeddable":true,"href":"https:\/\/inces.gob.ve\/index.php\/wp-json\/wp\/v2\/categories?post=57374"},{"taxonomy":"post_tag","embeddable":true,"href":"https:\/\/inces.gob.ve\/index.php\/wp-json\/wp\/v2\/tags?post=57374"}],"curies":[{"name":"wp","href":"https:\/\/api.w.org\/{rel}","templated":true}]}}