{"id":57429,"date":"2024-03-20T14:03:39","date_gmt":"2024-03-20T18:03:39","guid":{"rendered":"https:\/\/inces.gob.ve\/?p=57429"},"modified":"2024-03-20T14:08:48","modified_gmt":"2024-03-20T18:08:48","slug":"turismo-el-programa-turismo-continua-el-ciclo-de-formacion-en-desarrollo-humano","status":"publish","type":"post","link":"https:\/\/inces.gob.ve\/index.php\/2024\/03\/20\/turismo-el-programa-turismo-continua-el-ciclo-de-formacion-en-desarrollo-humano\/","title":{"rendered":"TURISMO | El Programa Turismo contin\u00faa el ciclo de formaci\u00f3n en desarrollo humano"},"content":{"rendered":"<div dir=\"auto\" style=\"text-align: justify;\"><em><strong><span style=\"font-family: helvetica, arial, sans-serif; font-size: 14pt;\">** La interacci\u00f3n entre los participantes enriqueci\u00f3 la experiencia, fomentando valores interpersonales vinculados a los contenidos aprendidos<\/span><\/strong><\/em><\/div>\n<p><!--more--><\/p>\n<p>&nbsp;<\/p>\n<div dir=\"auto\" style=\"text-align: justify;\"><\/div>\n<div dir=\"auto\" style=\"text-align: justify;\"><\/div>\n<div dir=\"auto\" style=\"text-align: justify;\"><span style=\"font-family: helvetica, arial, sans-serif; font-size: 14pt;\">Participantes de los perfiles productivos Panadero, Repostero y Gu\u00edas de Turismo de Monta\u00f1a se sumergieron en un viaje de autoexploraci\u00f3n y crecimiento personal de desarrollo humano, formaci\u00f3n impartida por la maestra t\u00e9cnica productiva (MTP) Loysmar Espeja, quien ofreci\u00f3 herramientas para comprender sus emociones, fortalezas y \u00e1reas de mejora.<\/span><\/div>\n<div dir=\"auto\" style=\"text-align: justify;\"><\/div>\n<div dir=\"auto\"><img loading=\"lazy\" decoding=\"async\" class=\"aligncenter wp-image-57432 size-full\" src=\"https:\/\/inces.gob.ve\/wp-content\/uploads\/2024\/03\/IMG_20240314_104235_534@1197706286-scaled-e1710957746680.jpg\" alt=\"\" width=\"800\" height=\"600\" \/><\/div>\n<div dir=\"auto\" style=\"text-align: justify;\"><\/div>\n<div dir=\"auto\" style=\"text-align: justify;\"><span style=\"font-family: helvetica, arial, sans-serif; font-size: 14pt;\">De esta forma realizaron din\u00e1micas de trabajo en equipo con el objetivo de impulsar a los participantes a fomentar el crecimiento personal, la autoconciencia, empat\u00eda y el empoderamiento. Se abordaron temas como la inteligencia emocional, la autoestima y las habilidades sociales\u00a0<\/span><\/div>\n<div dir=\"auto\" style=\"text-align: justify;\"><\/div>\n<div dir=\"auto\" style=\"text-align: justify;\"><\/div>\n<div dir=\"auto\" style=\"text-align: justify;\"><span style=\"font-family: helvetica, arial, sans-serif; font-size: 14pt;\">Asimismo, la interacci\u00f3n entre los participantes enriqueci\u00f3 la experiencia, fomentando valores interpersonales vinculadas a los contenidos aprendidos que no solo impactan a nivel individual, sino que tambi\u00e9n fortalecen los lazos de la comunidad estudiantil, creando un ambiente de apoyo y colaboraci\u00f3n. Esta experiencia demostr\u00f3 que el camino hacia el desarrollo humano es un viaje contin\u00fao y enriquecedor que nos invita a crecer, aprender y a conectarnos con los dem\u00e1s y con nosotros mismos, expres\u00f3 la maestra t\u00e9cnico Loysmar Espeja.<\/span><\/div>\n<div dir=\"auto\" style=\"text-align: justify;\"><\/div>\n<div dir=\"auto\" style=\"text-align: justify;\"><\/div>\n<div dir=\"auto\"><img loading=\"lazy\" decoding=\"async\" class=\"aligncenter wp-image-57430 size-full\" src=\"https:\/\/inces.gob.ve\/wp-content\/uploads\/2024\/03\/IMG_20240314_103920_671@-1277000404-scaled-e1710957774152.jpg\" alt=\"\" width=\"800\" height=\"600\" \/><\/div>\n<div dir=\"auto\" style=\"text-align: justify;\"><span style=\"font-family: helvetica, arial, sans-serif; font-size: 14pt;\">El participante Andr\u00e9s Duarte detall\u00f3: \u201cMe motiv\u00f3 estudiar en el Inces ya que al culminar esta formaci\u00f3n podr\u00e9 montar mi propio negocio para sustentarme econ\u00f3micamente\u201d<\/span><\/div>\n<div dir=\"auto\" style=\"text-align: justify;\"><\/div>\n<div dir=\"auto\" style=\"text-align: justify;\"><\/div>\n<div dir=\"auto\" style=\"text-align: justify;\"><span style=\"font-family: helvetica, arial, sans-serif; font-size: 14pt;\">\u201cMe enter\u00e9 de la formaci\u00f3n de gu\u00edas de monta\u00f1as por un familiar, sent\u00ed que fue una oportunidad para m\u00ed porque me apasiona la aventura y la naturaleza, considero que esta formaci\u00f3n me va a dar muchas herramientas y m\u00e9todos necesarios como tener un inminente en baja y media monta\u00f1a\u201d, expres\u00f3 la participante Auiri Rodr\u00edguez.<\/span><\/div>\n<div class=\"yj6qo\"><\/div>\n<div class=\"adL\" dir=\"auto\"><\/div>\n","protected":false},"excerpt":{"rendered":"<p>** La interacci\u00f3n entre los participantes enriqueci\u00f3 la experiencia, fomentando valores interpersonales vinculados a los contenidos aprendidos<\/p>\n","protected":false},"author":15,"featured_media":57431,"comment_status":"closed","ping_status":"closed","sticky":false,"template":"","format":"standard","meta":{"footnotes":""},"categories":[2],"tags":[],"class_list":["post-57429","post","type-post","status-publish","format-standard","has-post-thumbnail","hentry","category-blog"],"_links":{"self":[{"href":"https:\/\/inces.gob.ve\/index.php\/wp-json\/wp\/v2\/posts\/57429","targetHints":{"allow":["GET"]}}],"collection":[{"href":"https:\/\/inces.gob.ve\/index.php\/wp-json\/wp\/v2\/posts"}],"about":[{"href":"https:\/\/inces.gob.ve\/index.php\/wp-json\/wp\/v2\/types\/post"}],"author":[{"embeddable":true,"href":"https:\/\/inces.gob.ve\/index.php\/wp-json\/wp\/v2\/users\/15"}],"replies":[{"embeddable":true,"href":"https:\/\/inces.gob.ve\/index.php\/wp-json\/wp\/v2\/comments?post=57429"}],"version-history":[{"count":1,"href":"https:\/\/inces.gob.ve\/index.php\/wp-json\/wp\/v2\/posts\/57429\/revisions"}],"predecessor-version":[{"id":57433,"href":"https:\/\/inces.gob.ve\/index.php\/wp-json\/wp\/v2\/posts\/57429\/revisions\/57433"}],"wp:featuredmedia":[{"embeddable":true,"href":"https:\/\/inces.gob.ve\/index.php\/wp-json\/wp\/v2\/media\/57431"}],"wp:attachment":[{"href":"https:\/\/inces.gob.ve\/index.php\/wp-json\/wp\/v2\/media?parent=57429"}],"wp:term":[{"taxonomy":"category","embeddable":true,"href":"https:\/\/inces.gob.ve\/index.php\/wp-json\/wp\/v2\/categories?post=57429"},{"taxonomy":"post_tag","embeddable":true,"href":"https:\/\/inces.gob.ve\/index.php\/wp-json\/wp\/v2\/tags?post=57429"}],"curies":[{"name":"wp","href":"https:\/\/api.w.org\/{rel}","templated":true}]}}