{"id":57448,"date":"2024-03-20T14:38:00","date_gmt":"2024-03-20T18:38:00","guid":{"rendered":"https:\/\/inces.gob.ve\/?p=57448"},"modified":"2024-03-20T14:38:05","modified_gmt":"2024-03-20T18:38:05","slug":"apure-inces-incorporo-a-21-jovenes-mas-al-programa-nacional-de-aprendizaje","status":"publish","type":"post","link":"https:\/\/inces.gob.ve\/index.php\/2024\/03\/20\/apure-inces-incorporo-a-21-jovenes-mas-al-programa-nacional-de-aprendizaje\/","title":{"rendered":"APURE | Inces incorpor\u00f3 a 21 j\u00f3venes m\u00e1s al Programa Nacional de Aprendizaje"},"content":{"rendered":"<p style=\"text-align: justify;\"><em><strong><span style=\"font-family: helvetica, arial, sans-serif; font-size: 14pt;\">** En esta oportunidad las entidades de trabajo que cumplir\u00e1n con el programa son Transporte Teovanny H- DOS C.A, Dislisur C.A, Duvalca C.A, JD Rivero C.A y Rivero Visual Grup C.A<\/span><\/strong><\/em><!--more--><\/p>\n<p>&nbsp;<\/p>\n<p style=\"text-align: justify;\"><span style=\"font-family: helvetica, arial, sans-serif; font-size: 14pt;\">Este viernes se realiz\u00f3 la apertura del ciclo de formaci\u00f3n inicial en Analista Contable y Asistente Administrativo, en la Gerencia Regional de Inces en Apure, donde 21 j\u00f3venes pasaron a formar parte \u00a0de la instituci\u00f3n como aprendices.<\/span><\/p>\n<p><span style=\"font-family: helvetica, arial, sans-serif; font-size: 14pt;\">En el evento estuvieron los representantes de las entidades de trabajo ya mencionadas, el gerente regional, Daviel Rodr\u00edguez; la coordinadora del Programa Nacional de Aprendizaje, Maneilis P\u00e9rez y los jefes de las diferentes divisiones de la instituci\u00f3n, adem\u00e1s los padres y representantes de los j\u00f3venes.<\/span><\/p>\n<p><span style=\"font-family: helvetica, arial, sans-serif; font-size: 14pt;\">De manera emotiva, Maneilis P\u00e9rez di\u00f3 la bienvenida a los nuevos aprendices y manifest\u00f3: \u00abTienen ahora \u00a0nuevas responsabilidades, derechos y deberes que cumplir dentro del programa; pido a sus padres y representantes \u00a0que realicen el acompa\u00f1amiento durante el a\u00f1o y medio en el que Inces los estar\u00e1 formando\u00bb, finaliz\u00f3.<\/span><\/p>\n<p><span style=\"font-family: helvetica, arial, sans-serif; font-size: 14pt;\">Seguidamente el formador, Ender Pulido brind\u00f3 unas palabras en nombre de los formadores. El aprendiz Daniel R\u00edo cont\u00f3 su experiencia dentro del programa, y como lo aprendido le permiti\u00f3 ser seleccionado para \u00a0ingresar pr\u00f3ximamente como empleado en la entidad de trabajo donde est\u00e1 realizando la fase pr\u00e1ctica. <\/span><\/p>\n<p><span style=\"font-family: helvetica, arial, sans-serif; font-size: 14pt;\">Tambi\u00e9n se present\u00f3 un material audiovisual mostrando las actividades acad\u00e9micas, pedag\u00f3gicas, culturales y recreativas que se realizan durante la formaci\u00f3n y para las cuales, las entidades de trabajo hicieron \u00a0entrega de la lista tipo.<\/span><\/p>\n<p><span style=\"font-family: helvetica, arial, sans-serif; font-size: 14pt;\">Asimismo, el gerente regional\u00a0expres\u00f3: \u00bb Hoy estamos ac\u00e1 incorporando a 21 j\u00f3venes al Programa Nacional de Aprendizaje. Agradecemos a las empresas que est\u00e1n cumpliendo con la ley civil de formar aprendices. Quiero decirle a los j\u00f3venes, que aprovechen esta valiosa oportunidad para aprender una ocupaci\u00f3n que les ayudar\u00e1 en su futuro desempe\u00f1o profesional\u00bb<\/span><\/p>\n<p><span style=\"font-family: helvetica, arial, sans-serif; font-size: 14pt;\">\u00bb El programa forma a estos j\u00f3venes en \u00a0dos fases iniciando con la teor\u00eda y luego a la pr\u00e1ctica, dispondr\u00e1n de profesores capacitados en las \u00e1reas que requiere la ocupaci\u00f3n de Analista Contable y Asistente Administrativo\u00bb puntualiz\u00f3 Rodr\u00edguez.<\/span><\/p>\n<div class=\"yj6qo\"><\/div>\n<div class=\"adL\"><\/div>\n","protected":false},"excerpt":{"rendered":"<p>** En esta oportunidad las entidades de trabajo que cumplir\u00e1n con el programa son Transporte Teovanny H- DOS C.A, Dislisur C.A, Duvalca C.A, JD Rivero C.A y Rivero Visual Grup C.A<\/p>\n","protected":false},"author":15,"featured_media":57449,"comment_status":"closed","ping_status":"closed","sticky":false,"template":"","format":"standard","meta":{"footnotes":""},"categories":[2],"tags":[],"class_list":["post-57448","post","type-post","status-publish","format-standard","has-post-thumbnail","hentry","category-blog"],"_links":{"self":[{"href":"https:\/\/inces.gob.ve\/index.php\/wp-json\/wp\/v2\/posts\/57448","targetHints":{"allow":["GET"]}}],"collection":[{"href":"https:\/\/inces.gob.ve\/index.php\/wp-json\/wp\/v2\/posts"}],"about":[{"href":"https:\/\/inces.gob.ve\/index.php\/wp-json\/wp\/v2\/types\/post"}],"author":[{"embeddable":true,"href":"https:\/\/inces.gob.ve\/index.php\/wp-json\/wp\/v2\/users\/15"}],"replies":[{"embeddable":true,"href":"https:\/\/inces.gob.ve\/index.php\/wp-json\/wp\/v2\/comments?post=57448"}],"version-history":[{"count":2,"href":"https:\/\/inces.gob.ve\/index.php\/wp-json\/wp\/v2\/posts\/57448\/revisions"}],"predecessor-version":[{"id":57451,"href":"https:\/\/inces.gob.ve\/index.php\/wp-json\/wp\/v2\/posts\/57448\/revisions\/57451"}],"wp:featuredmedia":[{"embeddable":true,"href":"https:\/\/inces.gob.ve\/index.php\/wp-json\/wp\/v2\/media\/57449"}],"wp:attachment":[{"href":"https:\/\/inces.gob.ve\/index.php\/wp-json\/wp\/v2\/media?parent=57448"}],"wp:term":[{"taxonomy":"category","embeddable":true,"href":"https:\/\/inces.gob.ve\/index.php\/wp-json\/wp\/v2\/categories?post=57448"},{"taxonomy":"post_tag","embeddable":true,"href":"https:\/\/inces.gob.ve\/index.php\/wp-json\/wp\/v2\/tags?post=57448"}],"curies":[{"name":"wp","href":"https:\/\/api.w.org\/{rel}","templated":true}]}}