{"id":57501,"date":"2024-04-01T14:44:29","date_gmt":"2024-04-01T18:44:29","guid":{"rendered":"https:\/\/inces.gob.ve\/?p=57501"},"modified":"2024-04-01T14:44:29","modified_gmt":"2024-04-01T18:44:29","slug":"merida-bachilleres-del-inces-visitaron-el-festival-ciudad-muralista","status":"publish","type":"post","link":"https:\/\/inces.gob.ve\/index.php\/2024\/04\/01\/merida-bachilleres-del-inces-visitaron-el-festival-ciudad-muralista\/","title":{"rendered":"M\u00c9RIDA | Bachilleres del Inces visitaron el Festival Ciudad Muralista"},"content":{"rendered":"<p style=\"font-weight: 400; text-align: justify;\"><span style=\"font-family: helvetica, arial, sans-serif; font-size: 14pt;\"><em>*** Los estudiantes tuvieron la oportunidad de conocer e interactuar con artistas y muralistas que participan en tan importantes evento cultural y que plasma la meride\u00f1idad en su m\u00e1xima expresi\u00f3n<\/em><\/span><!--more--><\/p>\n<p style=\"font-weight: 400; text-align: justify;\"><span style=\"font-family: helvetica, arial, sans-serif; font-size: 14pt;\"><em>\u00a0<\/em><\/span><\/p>\n<p style=\"font-weight: 400; text-align: justify;\"><span style=\"font-family: helvetica, arial, sans-serif; font-size: 14pt;\"><b>NADIA LOBO <\/b><\/span><\/p>\n<p style=\"font-weight: 400; text-align: justify;\"><span style=\"font-family: helvetica, arial, sans-serif; font-size: 14pt;\">Estudiantes de Bachillerato Productivo del Inces, visitaron el \u201cFestival Ciudad Muralista de M\u00e9rida\u201d, interactuando con los artistas que participan en este gran evento cultural.<\/span><\/p>\n<p style=\"font-weight: 400; text-align: justify;\">\n<p style=\"font-weight: 400; text-align: justify;\"><span style=\"font-family: helvetica, arial, sans-serif; font-size: 14pt;\">La informaci\u00f3n la ofreci\u00f3 Nizza Salas, coordinadora del programa Bachillerato Productivo del Inces, quien destac\u00f3 que 45 estudiantes tuvieron la oportunidad de recorrer los distintos espacios del centro hist\u00f3rico de la ciudad de M\u00e9rida, donde qued\u00f3 plasmada la identidad de la meride\u00f1idad a trav\u00e9s de murales creativos cargados de historia, cultura y tradici\u00f3n.<\/span><\/p>\n<p style=\"font-weight: 400; text-align: justify;\">\n<p style=\"font-weight: 400; text-align: justify;\"><span style=\"font-family: helvetica, arial, sans-serif; font-size: 14pt;\">Indic\u00f3 igualmente que estos estudiantes de bachillerato del Inces tambi\u00e9n recorrieron el Teatro C\u00e9sar Rengifo y el Aula Magna de la Universidad de los Andes (ULA), ubicadas en el centro de la ciudad de M\u00e9rida, como parte de las actividades acad\u00e9micas programadas.<\/span><\/p>\n<p style=\"font-weight: 400; text-align: justify;\">\n<p style=\"font-weight: 400; text-align: justify;\"><span style=\"font-family: helvetica, arial, sans-serif; font-size: 14pt;\">En este sentido, es importante destacar que la Ruta Muralista es impulsada por el presidente Nicol\u00e1s Maduro y que se enmarca dentro del Plan 465 que ejecuta el gobernador del estado Bolivariano de M\u00e9rida, Jehyson Guzm\u00e1n para recuperar y embellecer el centro hist\u00f3rico de esta ciudad andina.<\/span><\/p>\n","protected":false},"excerpt":{"rendered":"<p>*** Los estudiantes tuvieron la oportunidad de conocer e interactuar con artistas y muralistas que participan en tan importantes evento cultural y que plasma la meride\u00f1idad en su m\u00e1xima expresi\u00f3n<\/p>\n","protected":false},"author":4,"featured_media":57502,"comment_status":"closed","ping_status":"closed","sticky":false,"template":"","format":"standard","meta":{"footnotes":""},"categories":[2],"tags":[],"class_list":["post-57501","post","type-post","status-publish","format-standard","has-post-thumbnail","hentry","category-blog"],"_links":{"self":[{"href":"https:\/\/inces.gob.ve\/index.php\/wp-json\/wp\/v2\/posts\/57501","targetHints":{"allow":["GET"]}}],"collection":[{"href":"https:\/\/inces.gob.ve\/index.php\/wp-json\/wp\/v2\/posts"}],"about":[{"href":"https:\/\/inces.gob.ve\/index.php\/wp-json\/wp\/v2\/types\/post"}],"author":[{"embeddable":true,"href":"https:\/\/inces.gob.ve\/index.php\/wp-json\/wp\/v2\/users\/4"}],"replies":[{"embeddable":true,"href":"https:\/\/inces.gob.ve\/index.php\/wp-json\/wp\/v2\/comments?post=57501"}],"version-history":[{"count":1,"href":"https:\/\/inces.gob.ve\/index.php\/wp-json\/wp\/v2\/posts\/57501\/revisions"}],"predecessor-version":[{"id":57503,"href":"https:\/\/inces.gob.ve\/index.php\/wp-json\/wp\/v2\/posts\/57501\/revisions\/57503"}],"wp:featuredmedia":[{"embeddable":true,"href":"https:\/\/inces.gob.ve\/index.php\/wp-json\/wp\/v2\/media\/57502"}],"wp:attachment":[{"href":"https:\/\/inces.gob.ve\/index.php\/wp-json\/wp\/v2\/media?parent=57501"}],"wp:term":[{"taxonomy":"category","embeddable":true,"href":"https:\/\/inces.gob.ve\/index.php\/wp-json\/wp\/v2\/categories?post=57501"},{"taxonomy":"post_tag","embeddable":true,"href":"https:\/\/inces.gob.ve\/index.php\/wp-json\/wp\/v2\/tags?post=57501"}],"curies":[{"name":"wp","href":"https:\/\/api.w.org\/{rel}","templated":true}]}}