{"id":57573,"date":"2024-04-08T11:50:17","date_gmt":"2024-04-08T15:50:17","guid":{"rendered":"https:\/\/inces.gob.ve\/?p=57573"},"modified":"2024-04-08T15:53:37","modified_gmt":"2024-04-08T19:53:37","slug":"con-un-rotundo-exito-se-desarrollo-el-encuentro-nacional-de-la-gran-mision-venezuela-mujer-en-portuguesa","status":"publish","type":"post","link":"https:\/\/inces.gob.ve\/index.php\/2024\/04\/08\/con-un-rotundo-exito-se-desarrollo-el-encuentro-nacional-de-la-gran-mision-venezuela-mujer-en-portuguesa\/","title":{"rendered":"Con un rotundo \u00e9xito se desarroll\u00f3 el Encuentro Nacional de la Gran Misi\u00f3n Venezuela Mujer en Portuguesa"},"content":{"rendered":"<p style=\"text-align: justify;\"><strong><em><span style=\"font-family: helvetica, arial, sans-serif; font-size: 14pt;\">** Instituciones educativas gubernamentales enfocan todos sus esfuerzos para cumplir con la Gran Misi\u00f3n Venezuela Mujer\u00a0<\/span><\/em><\/strong><!--more--><\/p>\n<p>&nbsp;<\/p>\n<p style=\"text-align: justify;\"><span style=\"font-family: helvetica, arial, sans-serif; font-size: 14pt;\">Un importante encuentro del 2do v\u00e9rtice de la Gran Misi\u00f3n Venezuela Mujer fue realizado en la sede del Instituto Nacional de Capacitaci\u00f3n y Educaci\u00f3n Socialista (Inces) en el estado Portuguesa, donde m\u00e1s de mil mujeres mostraron su talento en diferentes artes que han aprendido en la citada casa de estudios.<\/span><\/p>\n<p>&nbsp;<\/p>\n<p><img loading=\"lazy\" decoding=\"async\" class=\"aligncenter wp-image-57575 size-full\" src=\"https:\/\/inces.gob.ve\/wp-content\/uploads\/2024\/04\/WhatsApp-Image-2024-04-04-at-10.35.48-AM.jpeg\" alt=\"\" width=\"1000\" height=\"467\" srcset=\"https:\/\/inces.gob.ve\/wp-content\/uploads\/2024\/04\/WhatsApp-Image-2024-04-04-at-10.35.48-AM.jpeg 1000w, https:\/\/inces.gob.ve\/wp-content\/uploads\/2024\/04\/WhatsApp-Image-2024-04-04-at-10.35.48-AM-300x140.jpeg 300w, https:\/\/inces.gob.ve\/wp-content\/uploads\/2024\/04\/WhatsApp-Image-2024-04-04-at-10.35.48-AM-768x359.jpeg 768w\" sizes=\"auto, (max-width: 1000px) 100vw, 1000px\" \/><\/p>\n<p>&nbsp;<\/p>\n<p style=\"text-align: justify;\"><span style=\"font-family: helvetica, arial, sans-serif; font-size: 14pt;\">Entre las autoridades presentes estuvieron, Gisela Toro, viceministra de Educaci\u00f3n Inicial y Primaria del Ministerio del Poder Popular para la Educaci\u00f3n; el viceministro para el Vivir Bien Estudiantil y la Comunidad del Conocimiento del Ministerio del Poder Popular para la Educaci\u00f3n Universitaria, Hemmi Croes, Wuikelman Angel Paredes, presidente del Inces y Amarilys P\u00e9rez, secretaria de gobierno del estado Portuguesa.<\/span><\/p>\n<p>&nbsp;<\/p>\n<p><img loading=\"lazy\" decoding=\"async\" class=\"aligncenter wp-image-57579 size-large\" src=\"https:\/\/inces.gob.ve\/wp-content\/uploads\/2024\/04\/WhatsApp-Image-2024-04-04-at-8.55.06-PM-1-1024x768.jpeg\" alt=\"\" width=\"640\" height=\"480\" srcset=\"https:\/\/inces.gob.ve\/wp-content\/uploads\/2024\/04\/WhatsApp-Image-2024-04-04-at-8.55.06-PM-1-1024x768.jpeg 1024w, https:\/\/inces.gob.ve\/wp-content\/uploads\/2024\/04\/WhatsApp-Image-2024-04-04-at-8.55.06-PM-1-300x225.jpeg 300w, https:\/\/inces.gob.ve\/wp-content\/uploads\/2024\/04\/WhatsApp-Image-2024-04-04-at-8.55.06-PM-1-768x576.jpeg 768w, https:\/\/inces.gob.ve\/wp-content\/uploads\/2024\/04\/WhatsApp-Image-2024-04-04-at-8.55.06-PM-1-1536x1152.jpeg 1536w, https:\/\/inces.gob.ve\/wp-content\/uploads\/2024\/04\/WhatsApp-Image-2024-04-04-at-8.55.06-PM-1-2048x1536.jpeg 2048w, https:\/\/inces.gob.ve\/wp-content\/uploads\/2024\/04\/WhatsApp-Image-2024-04-04-at-8.55.06-PM-1-136x102.jpeg 136w\" sizes=\"auto, (max-width: 640px) 100vw, 640px\" \/><\/p>\n<p>&nbsp;<\/p>\n<p style=\"text-align: justify;\"><span style=\"font-family: helvetica, arial, sans-serif; font-size: 14pt;\">La actividad cont\u00f3 con una exposici\u00f3n de diferentes muestras en materia de panader\u00eda, pasteler\u00eda, reposter\u00eda, peluquer\u00eda, cocina y entre otras \u00e1reas, todas estas aprendidas gracias al Inces en la regi\u00f3n.<\/span><\/p>\n<p>&nbsp;<\/p>\n<p><img loading=\"lazy\" decoding=\"async\" class=\"aligncenter wp-image-57574 size-full\" src=\"https:\/\/inces.gob.ve\/wp-content\/uploads\/2024\/04\/WhatsApp-Image-2024-04-04-at-9.56.04-AM.jpeg\" alt=\"\" width=\"1000\" height=\"467\" srcset=\"https:\/\/inces.gob.ve\/wp-content\/uploads\/2024\/04\/WhatsApp-Image-2024-04-04-at-9.56.04-AM.jpeg 1000w, https:\/\/inces.gob.ve\/wp-content\/uploads\/2024\/04\/WhatsApp-Image-2024-04-04-at-9.56.04-AM-300x140.jpeg 300w, https:\/\/inces.gob.ve\/wp-content\/uploads\/2024\/04\/WhatsApp-Image-2024-04-04-at-9.56.04-AM-768x359.jpeg 768w\" sizes=\"auto, (max-width: 1000px) 100vw, 1000px\" \/><\/p>\n<p>&nbsp;<\/p>\n<p style=\"text-align: justify;\"><span style=\"font-family: helvetica, arial, sans-serif; font-size: 14pt;\">Sobre la actividad, el presidente del Inces expres\u00f3 su alegr\u00eda por ver a tantas mujeres mostrando todo lo que han aprendido en esta casa de saberes: \u00abDe verdad me siento muy complacido de ver como aqu\u00ed en Portuguesa las mujeres no se quedan en el aparato, son mujeres trabajadoras y luchadoras que han sabido aprovechar las virtudes del Inces y eso es lo importante: sacarle el mejor provecho a nuestras formaciones para que sean mujeres productivas de la patria\u00bb.<\/span><\/p>\n<p>&nbsp;<\/p>\n<p><img loading=\"lazy\" decoding=\"async\" class=\"aligncenter wp-image-57580 size-full\" src=\"https:\/\/inces.gob.ve\/wp-content\/uploads\/2024\/04\/WhatsApp-Image-2024-04-04-at-8.55.06-PM.jpeg\" alt=\"\" width=\"2312\" height=\"1734\" srcset=\"https:\/\/inces.gob.ve\/wp-content\/uploads\/2024\/04\/WhatsApp-Image-2024-04-04-at-8.55.06-PM.jpeg 2312w, https:\/\/inces.gob.ve\/wp-content\/uploads\/2024\/04\/WhatsApp-Image-2024-04-04-at-8.55.06-PM-300x225.jpeg 300w, https:\/\/inces.gob.ve\/wp-content\/uploads\/2024\/04\/WhatsApp-Image-2024-04-04-at-8.55.06-PM-1024x768.jpeg 1024w, https:\/\/inces.gob.ve\/wp-content\/uploads\/2024\/04\/WhatsApp-Image-2024-04-04-at-8.55.06-PM-768x576.jpeg 768w, https:\/\/inces.gob.ve\/wp-content\/uploads\/2024\/04\/WhatsApp-Image-2024-04-04-at-8.55.06-PM-1536x1152.jpeg 1536w, https:\/\/inces.gob.ve\/wp-content\/uploads\/2024\/04\/WhatsApp-Image-2024-04-04-at-8.55.06-PM-2048x1536.jpeg 2048w, https:\/\/inces.gob.ve\/wp-content\/uploads\/2024\/04\/WhatsApp-Image-2024-04-04-at-8.55.06-PM-136x102.jpeg 136w\" sizes=\"auto, (max-width: 2312px) 100vw, 2312px\" \/><\/p>\n<p style=\"text-align: justify;\"><span style=\"font-family: helvetica, arial, sans-serif; font-size: 14pt;\">En el evento dijeron presente representantes de diferentes instituciones del estado como tambi\u00e9n bachillerato productivo y el Programa Nacional de Formaci\u00f3n que hacen vida en el Inces en Portuguesa.<\/span><\/p>\n","protected":false},"excerpt":{"rendered":"<p>** Instituciones educativas gubernamentales enfocan todos sus esfuerzos para cumplir con la Gran Misi\u00f3n Venezuela Mujer\u00a0<\/p>\n","protected":false},"author":4,"featured_media":57576,"comment_status":"closed","ping_status":"closed","sticky":false,"template":"","format":"standard","meta":{"footnotes":""},"categories":[2],"tags":[],"class_list":["post-57573","post","type-post","status-publish","format-standard","has-post-thumbnail","hentry","category-blog"],"_links":{"self":[{"href":"https:\/\/inces.gob.ve\/index.php\/wp-json\/wp\/v2\/posts\/57573","targetHints":{"allow":["GET"]}}],"collection":[{"href":"https:\/\/inces.gob.ve\/index.php\/wp-json\/wp\/v2\/posts"}],"about":[{"href":"https:\/\/inces.gob.ve\/index.php\/wp-json\/wp\/v2\/types\/post"}],"author":[{"embeddable":true,"href":"https:\/\/inces.gob.ve\/index.php\/wp-json\/wp\/v2\/users\/4"}],"replies":[{"embeddable":true,"href":"https:\/\/inces.gob.ve\/index.php\/wp-json\/wp\/v2\/comments?post=57573"}],"version-history":[{"count":4,"href":"https:\/\/inces.gob.ve\/index.php\/wp-json\/wp\/v2\/posts\/57573\/revisions"}],"predecessor-version":[{"id":58558,"href":"https:\/\/inces.gob.ve\/index.php\/wp-json\/wp\/v2\/posts\/57573\/revisions\/58558"}],"wp:featuredmedia":[{"embeddable":true,"href":"https:\/\/inces.gob.ve\/index.php\/wp-json\/wp\/v2\/media\/57576"}],"wp:attachment":[{"href":"https:\/\/inces.gob.ve\/index.php\/wp-json\/wp\/v2\/media?parent=57573"}],"wp:term":[{"taxonomy":"category","embeddable":true,"href":"https:\/\/inces.gob.ve\/index.php\/wp-json\/wp\/v2\/categories?post=57573"},{"taxonomy":"post_tag","embeddable":true,"href":"https:\/\/inces.gob.ve\/index.php\/wp-json\/wp\/v2\/tags?post=57573"}],"curies":[{"name":"wp","href":"https:\/\/api.w.org\/{rel}","templated":true}]}}