{"id":57700,"date":"2024-04-10T12:21:33","date_gmt":"2024-04-10T16:21:33","guid":{"rendered":"https:\/\/inces.gob.ve\/?p=57700"},"modified":"2024-04-10T13:24:09","modified_gmt":"2024-04-10T17:24:09","slug":"apure-inicio-la-formacion-de-primeros-auxilios-en-el-inces","status":"publish","type":"post","link":"https:\/\/inces.gob.ve\/index.php\/2024\/04\/10\/apure-inicio-la-formacion-de-primeros-auxilios-en-el-inces\/","title":{"rendered":"APURE | Inici\u00f3 la formaci\u00f3n de Primeros Auxilios en el Inces"},"content":{"rendered":"<p style=\"text-align: justify;\"><em><strong><span style=\"font-family: helvetica, arial, sans-serif; font-size: 14pt;\">** La alianza cumple con el \u00e1mbito entidades de trabajo, de la matriz program\u00e1tica del Instituto Nacional de Capacitaci\u00f3n y Educaci\u00f3n Socialista (Inces)<\/span><\/strong><\/em><!--more--><\/p>\n<p><span style=\"font-family: helvetica, arial, sans-serif; font-size: 14pt;\">Dando cumplimiento a las alianzas institucionales, el Inces en Apure arranc\u00f3 la formaci\u00f3n dirigida a promotores sociales del Ministerio del Poder Popular para los Pueblos Ind\u00edgenas (Minpppi) y trabajadores de la Fundaci\u00f3n para el Desarrollo del Ind\u00edgena (Fundei), en Primeros Auxilios, con el maestro t\u00e9cnico voluntario Terrys Espinosa.<\/span><\/p>\n<p><span style=\"font-family: helvetica, arial, sans-serif; font-size: 14pt;\">Esto se realiza para afianzar el trabajo en equipo y formar a los trabajadores. El enlace para que se llevara a cabo la formaci\u00f3n fue gracias a la articulaci\u00f3n entre el gerente regional del Inces en la entidad, Daviel Rodr\u00edguez, el coordinador de Recursos Humanos de Fundei, Franber Vargas y la coordinadora de atenci\u00f3n al ciudadano de este organismo, Trina Montilla.<\/span><\/p>\n<p><span style=\"font-family: helvetica, arial, sans-serif; font-size: 14pt;\">En el inicio de la formaci\u00f3n estuvo presente el \u00a0representante del Ministerio de los Pueblos Ind\u00edgenas y Fundei en el estado, Euclides Rodr\u00edguez quien manifest\u00f3: \u00abAgradecidos con el Inces y con su equipo de trabajo por el apoyo formativo, creo que a nivel institucional esa es la forma de avanzar\u00bb, concluy\u00f3 <\/span><\/p>\n<p><span style=\"font-family: helvetica, arial, sans-serif; font-size: 14pt;\">Esta es la segunda oleada de la formaci\u00f3n de Primeros Auxilios que se imparte en la Gerencia Regional ya que es actualmente una de las m\u00e1s demandadas por los participantes para adquirir competencias en la rama de enfermer\u00eda.<\/span><\/p>\n","protected":false},"excerpt":{"rendered":"<p>** La alianza cumple con el \u00e1mbito entidades de trabajo, de la matriz program\u00e1tica del Instituto Nacional de Capacitaci\u00f3n y Educaci\u00f3n Socialista (Inces)<\/p>\n","protected":false},"author":15,"featured_media":57701,"comment_status":"closed","ping_status":"closed","sticky":false,"template":"","format":"standard","meta":{"footnotes":""},"categories":[2],"tags":[],"class_list":["post-57700","post","type-post","status-publish","format-standard","has-post-thumbnail","hentry","category-blog"],"_links":{"self":[{"href":"https:\/\/inces.gob.ve\/index.php\/wp-json\/wp\/v2\/posts\/57700","targetHints":{"allow":["GET"]}}],"collection":[{"href":"https:\/\/inces.gob.ve\/index.php\/wp-json\/wp\/v2\/posts"}],"about":[{"href":"https:\/\/inces.gob.ve\/index.php\/wp-json\/wp\/v2\/types\/post"}],"author":[{"embeddable":true,"href":"https:\/\/inces.gob.ve\/index.php\/wp-json\/wp\/v2\/users\/15"}],"replies":[{"embeddable":true,"href":"https:\/\/inces.gob.ve\/index.php\/wp-json\/wp\/v2\/comments?post=57700"}],"version-history":[{"count":2,"href":"https:\/\/inces.gob.ve\/index.php\/wp-json\/wp\/v2\/posts\/57700\/revisions"}],"predecessor-version":[{"id":57703,"href":"https:\/\/inces.gob.ve\/index.php\/wp-json\/wp\/v2\/posts\/57700\/revisions\/57703"}],"wp:featuredmedia":[{"embeddable":true,"href":"https:\/\/inces.gob.ve\/index.php\/wp-json\/wp\/v2\/media\/57701"}],"wp:attachment":[{"href":"https:\/\/inces.gob.ve\/index.php\/wp-json\/wp\/v2\/media?parent=57700"}],"wp:term":[{"taxonomy":"category","embeddable":true,"href":"https:\/\/inces.gob.ve\/index.php\/wp-json\/wp\/v2\/categories?post=57700"},{"taxonomy":"post_tag","embeddable":true,"href":"https:\/\/inces.gob.ve\/index.php\/wp-json\/wp\/v2\/tags?post=57700"}],"curies":[{"name":"wp","href":"https:\/\/api.w.org\/{rel}","templated":true}]}}