{"id":57709,"date":"2024-04-10T14:19:25","date_gmt":"2024-04-10T18:19:25","guid":{"rendered":"https:\/\/inces.gob.ve\/?p=57709"},"modified":"2024-04-10T14:19:25","modified_gmt":"2024-04-10T18:19:25","slug":"falcon-en-inces-conocen-sobre-la-violencia-de-genero","status":"publish","type":"post","link":"https:\/\/inces.gob.ve\/index.php\/2024\/04\/10\/falcon-en-inces-conocen-sobre-la-violencia-de-genero\/","title":{"rendered":"FALC\u00d3N | En Inces conocen sobre la violencia de g\u00e9nero"},"content":{"rendered":"<div>\n<p style=\"text-align: justify;\" align=\"center\"><em><strong><span style=\"font-family: helvetica, arial, sans-serif; font-size: 14pt;\">**<span style=\"color: #000000;\">A trav\u00e9s de <\/span><span style=\"color: #000000;\">charlas educativas, se<\/span><span style=\"color: #000000;\"> brinda atenci\u00f3n integral y preventiva en <\/span><span style=\"color: #000000;\">los j\u00f3venes<\/span><\/span><\/strong><\/em><\/p>\n<p align=\"center\"><!--more--><\/p>\n<p align=\"center\">\n<\/div>\n<div style=\"text-align: justify;\"><span style=\"font-family: helvetica, arial, sans-serif; font-size: 14pt;\">MIRIAM GONZ\u00c1LEZ VILLARROEL<\/span><\/div>\n<div><\/div>\n<div style=\"text-align: justify;\"><span style=\"font-family: helvetica, arial, sans-serif; font-size: 14pt;\">En los espacios del centro de formaci\u00f3n socialista \u00abJos\u00e9 Leonardo Chirino\u00bb del Inces, en la ciudad de Coro, se desarroll\u00f3 la charla sobre Violencia de G\u00e9nero, la cual estuvo dirigida a los participantes del Liceo Nacional Inces Falc\u00f3n.<\/span><\/div>\n<div><\/div>\n<div><img loading=\"lazy\" decoding=\"async\" class=\"aligncenter wp-image-57710 size-full\" src=\"https:\/\/inces.gob.ve\/wp-content\/uploads\/2024\/04\/VIOLENCIA-2.jpg\" alt=\"\" width=\"800\" height=\"402\" srcset=\"https:\/\/inces.gob.ve\/wp-content\/uploads\/2024\/04\/VIOLENCIA-2.jpg 800w, https:\/\/inces.gob.ve\/wp-content\/uploads\/2024\/04\/VIOLENCIA-2-300x151.jpg 300w, https:\/\/inces.gob.ve\/wp-content\/uploads\/2024\/04\/VIOLENCIA-2-768x386.jpg 768w\" sizes=\"auto, (max-width: 800px) 100vw, 800px\" \/><\/div>\n<div style=\"text-align: justify;\"><\/div>\n<div style=\"text-align: justify;\"><span style=\"font-family: helvetica, arial, sans-serif; font-size: 14pt;\">La estrategia de prevenci\u00f3n y de promoci\u00f3n entre los j\u00f3venes cada vez se hace m\u00e1s necesaria, y en el Inces, tomando en cuenta la integralidad de los procesos formativos, se desarroll\u00f3 la charla sobre la prevenci\u00f3n de la violencia de g\u00e9nero, contando con el apoyo del Equipo Interdisciplinario de los Tribunales de Violencia contra la Mujer de la Circunscripci\u00f3n del Estado Falc\u00f3n quienes articularon con la Divisi\u00f3n de Formaci\u00f3n Profesional, la direcci\u00f3n del Liceo Nacional Inces y la coordinaci\u00f3n de la Unidad de Asistencia Integral al Participante (UAIP).<\/span><\/div>\n<div style=\"text-align: justify;\"><\/div>\n<div><span style=\"font-family: helvetica, arial, sans-serif; font-size: 14pt;\">Estos talleres y charlas representan un recurso educativo m\u00e1s que se pone a disposici\u00f3n de los estudiantes y maestros t\u00e9cnicos productivos Inces, complementando la labor docente en los espacios formativos. Para el desarrollo de esta estrategia, se cont\u00f3 con el apoyo de los facilitadores del Tribunal: abogada, Zolisbeth Chirinos y la m\u00e9dico, Keila Ram\u00edrez.<\/span><\/p>\n<p style=\"text-align: justify;\" align=\"justify\">\n<p style=\"text-align: justify;\" align=\"justify\"><span style=\"font-family: helvetica, arial, sans-serif; font-size: 14pt;\">Recordemos, establecieron los ponentes, l<span style=\"color: #000000;\">a violencia contra las mujeres es una violaci\u00f3n grave de los derechos humanos. Su impacto puede ser inmediato como de largo alcance e incluye m\u00faltiples consecuencias f\u00edsicas, sexuales, psicol\u00f3gicas, e incluso mortales, para mujeres y ni\u00f1as y afecta negativamente el bienestar de las mujeres e impide su plena participaci\u00f3n en la sociedad. <\/span><\/span><\/p>\n<p style=\"text-align: justify;\" align=\"justify\">\n<p align=\"justify\">\n<\/div>\n","protected":false},"excerpt":{"rendered":"<p>**A trav\u00e9s de charlas educativas, se brinda atenci\u00f3n integral y preventiva en los j\u00f3venes<\/p>\n","protected":false},"author":15,"featured_media":57711,"comment_status":"closed","ping_status":"closed","sticky":false,"template":"","format":"standard","meta":{"footnotes":""},"categories":[2],"tags":[],"class_list":["post-57709","post","type-post","status-publish","format-standard","has-post-thumbnail","hentry","category-blog"],"_links":{"self":[{"href":"https:\/\/inces.gob.ve\/index.php\/wp-json\/wp\/v2\/posts\/57709","targetHints":{"allow":["GET"]}}],"collection":[{"href":"https:\/\/inces.gob.ve\/index.php\/wp-json\/wp\/v2\/posts"}],"about":[{"href":"https:\/\/inces.gob.ve\/index.php\/wp-json\/wp\/v2\/types\/post"}],"author":[{"embeddable":true,"href":"https:\/\/inces.gob.ve\/index.php\/wp-json\/wp\/v2\/users\/15"}],"replies":[{"embeddable":true,"href":"https:\/\/inces.gob.ve\/index.php\/wp-json\/wp\/v2\/comments?post=57709"}],"version-history":[{"count":1,"href":"https:\/\/inces.gob.ve\/index.php\/wp-json\/wp\/v2\/posts\/57709\/revisions"}],"predecessor-version":[{"id":57712,"href":"https:\/\/inces.gob.ve\/index.php\/wp-json\/wp\/v2\/posts\/57709\/revisions\/57712"}],"wp:featuredmedia":[{"embeddable":true,"href":"https:\/\/inces.gob.ve\/index.php\/wp-json\/wp\/v2\/media\/57711"}],"wp:attachment":[{"href":"https:\/\/inces.gob.ve\/index.php\/wp-json\/wp\/v2\/media?parent=57709"}],"wp:term":[{"taxonomy":"category","embeddable":true,"href":"https:\/\/inces.gob.ve\/index.php\/wp-json\/wp\/v2\/categories?post=57709"},{"taxonomy":"post_tag","embeddable":true,"href":"https:\/\/inces.gob.ve\/index.php\/wp-json\/wp\/v2\/tags?post=57709"}],"curies":[{"name":"wp","href":"https:\/\/api.w.org\/{rel}","templated":true}]}}