{"id":57713,"date":"2024-04-10T14:37:08","date_gmt":"2024-04-10T18:37:08","guid":{"rendered":"https:\/\/inces.gob.ve\/?p=57713"},"modified":"2024-04-11T11:43:17","modified_gmt":"2024-04-11T15:43:17","slug":"jovenes-privados-de-libertad-tendran-la-oportunidad-de-formarse-en-el-programa-nacional-de-aprendizaje","status":"publish","type":"post","link":"https:\/\/inces.gob.ve\/index.php\/2024\/04\/10\/jovenes-privados-de-libertad-tendran-la-oportunidad-de-formarse-en-el-programa-nacional-de-aprendizaje\/","title":{"rendered":"J\u00f3venes privados de libertad tendr\u00e1n la oportunidad de formarse en el Programa Nacional de Aprendizaje"},"content":{"rendered":"<p style=\"text-align: justify;\"><strong><em>*<span style=\"font-family: helvetica, arial, sans-serif; font-size: 14pt;\">* Actividad que pertenece al \u00c1mbito Penitenciario <\/span><\/em><\/strong><span style=\"font-family: helvetica, arial, sans-serif; font-size: 14pt;\"><!--more--><\/span><\/p>\n<p>&nbsp;<\/p>\n<p style=\"text-align: justify;\"><span style=\"font-family: helvetica, arial, sans-serif; font-size: 14pt;\"><b><i>\u00a0<\/i><\/b><\/span><\/p>\n<p style=\"text-align: justify;\"><span style=\"font-family: helvetica, arial, sans-serif; font-size: 14pt;\"><b><i>DIMAS P\u00c1EZ<\/i><\/b><\/span><\/p>\n<p style=\"text-align: justify;\"><span style=\"font-family: helvetica, arial, sans-serif; font-size: 14pt;\"><b><i>\u00a0<\/i><\/b><\/span><span style=\"font-family: helvetica, arial, sans-serif; font-size: 14pt;\"><b><i>F\/Rafael Urbina<\/i><\/b><\/span><\/p>\n<p style=\"text-align: justify;\"><span style=\"font-family: helvetica, arial, sans-serif; font-size: 14pt;\">El Instituto Nacional de Capacitaci\u00f3n y Educaci\u00f3n Socialista (Inces) organiz\u00f3 una mesa t\u00e9cnica de trabajo, donde se plante\u00f3 el proyecto de incluir a los j\u00f3venes privados de libertad en las diferentes Casas de Abrigo de Caracas, La Guaira y Miranda, como centros pilotos para impartir la formaci\u00f3n correspondiente al Programa Nacional de Aprendizaje (PNA), esto con la idea de impartir una formaci\u00f3n t\u00e9cnica profesional a la poblaci\u00f3n m\u00e1s vulnerable.<\/span><\/p>\n<p>&nbsp;<\/p>\n<p style=\"text-align: justify;\"><img loading=\"lazy\" decoding=\"async\" class=\"aligncenter wp-image-57716 size-full\" src=\"https:\/\/inces.gob.ve\/wp-content\/uploads\/2024\/04\/DSC_8898-scaled-e1712774045748.jpg\" alt=\"\" width=\"800\" height=\"413\" \/><\/p>\n<p style=\"text-align: justify;\"><span style=\"font-family: helvetica, arial, sans-serif; font-size: 14pt;\">Asisti\u00f3 el viceministro del Poder Popular para el Servicio Penitenciario, Kevin Avila; la coordinadora del Consejo de Protecci\u00f3n de Ni\u00f1as, Ni\u00f1os y Adolescentes del Municipio Bolivariano Libertador, Yenisset S\u00e1nchez; representando la Sala de Casaci\u00f3n del Tribunal Supremo de Justicia, Carolina Rodr\u00edguez y el director general del Ministerio del Poder Popular para el Proceso Social de Trabajo, Ava V\u00e1squez.<\/span><\/p>\n<p style=\"text-align: justify;\"><span style=\"font-family: helvetica, arial, sans-serif; font-size: 14pt;\">El Inces estuvo representado por el director estrat\u00e9gico para la Formaci\u00f3n y Autoformaci\u00f3n Jorge P\u00e9rez; la gerente general de Formaci\u00f3n Profesional, Miriam Quintero; la gerente general de Tributos; Wianney Gelvez; el coordinador nacional del Programa Nacional de Aprendizaje (PNA) Luis Angel y la Coordinadora Nacional del Programa Penitenciario, Maribel Lugo.<\/span><\/p>\n<p>&nbsp;<\/p>\n<p style=\"text-align: justify;\"><img loading=\"lazy\" decoding=\"async\" class=\"aligncenter wp-image-57714 size-full\" src=\"https:\/\/inces.gob.ve\/wp-content\/uploads\/2024\/04\/DSC_8885-scaled-e1712774096313.jpg\" alt=\"\" width=\"800\" height=\"438\" \/><\/p>\n<p style=\"text-align: justify;\"><span style=\"font-family: helvetica, arial, sans-serif; font-size: 14pt;\">En conversaci\u00f3n con Jorge P\u00e9rez, este inform\u00f3 que el objetivo de la mesa de t\u00e9cnica de trabajo y consulta a los diferentes organismos es que el Programa Nacional de Aprendizaje de garant\u00edas para el derecho al trabajo de los adolescentes, \u201cen este caso, hablamos de j\u00f3venes, de catorce a dieciochos a\u00f1os de edad, que hayan tenido conflictos penales y est\u00e9n recluidos en los diferentes centros de atenci\u00f3n del ministerio de competencia\u201d, explic\u00f3.<\/span><\/p>\n<p>&nbsp;<\/p>\n<p style=\"text-align: justify;\"><span style=\"font-family: helvetica, arial, sans-serif; font-size: 14pt;\">\u201cEn estos momento contamos con una poblaci\u00f3n de 1.500 j\u00f3venes a nivel nacional que est\u00e1n privado de libertad; estamos buscando la viabilidad jur\u00eddica legal de cumplimiento con las normas y las leyes\u201d, se\u00f1al\u00f3 Jorge P\u00e9rez.<\/span><\/p>\n","protected":false},"excerpt":{"rendered":"<p>** Actividad que pertenece al \u00c1mbito Penitenciario<\/p>\n","protected":false},"author":15,"featured_media":57715,"comment_status":"closed","ping_status":"closed","sticky":false,"template":"","format":"standard","meta":{"footnotes":""},"categories":[2],"tags":[],"class_list":["post-57713","post","type-post","status-publish","format-standard","has-post-thumbnail","hentry","category-blog"],"_links":{"self":[{"href":"https:\/\/inces.gob.ve\/index.php\/wp-json\/wp\/v2\/posts\/57713","targetHints":{"allow":["GET"]}}],"collection":[{"href":"https:\/\/inces.gob.ve\/index.php\/wp-json\/wp\/v2\/posts"}],"about":[{"href":"https:\/\/inces.gob.ve\/index.php\/wp-json\/wp\/v2\/types\/post"}],"author":[{"embeddable":true,"href":"https:\/\/inces.gob.ve\/index.php\/wp-json\/wp\/v2\/users\/15"}],"replies":[{"embeddable":true,"href":"https:\/\/inces.gob.ve\/index.php\/wp-json\/wp\/v2\/comments?post=57713"}],"version-history":[{"count":3,"href":"https:\/\/inces.gob.ve\/index.php\/wp-json\/wp\/v2\/posts\/57713\/revisions"}],"predecessor-version":[{"id":57872,"href":"https:\/\/inces.gob.ve\/index.php\/wp-json\/wp\/v2\/posts\/57713\/revisions\/57872"}],"wp:featuredmedia":[{"embeddable":true,"href":"https:\/\/inces.gob.ve\/index.php\/wp-json\/wp\/v2\/media\/57715"}],"wp:attachment":[{"href":"https:\/\/inces.gob.ve\/index.php\/wp-json\/wp\/v2\/media?parent=57713"}],"wp:term":[{"taxonomy":"category","embeddable":true,"href":"https:\/\/inces.gob.ve\/index.php\/wp-json\/wp\/v2\/categories?post=57713"},{"taxonomy":"post_tag","embeddable":true,"href":"https:\/\/inces.gob.ve\/index.php\/wp-json\/wp\/v2\/tags?post=57713"}],"curies":[{"name":"wp","href":"https:\/\/api.w.org\/{rel}","templated":true}]}}