{"id":57728,"date":"2024-04-11T11:02:38","date_gmt":"2024-04-11T15:02:38","guid":{"rendered":"https:\/\/inces.gob.ve\/?p=57728"},"modified":"2024-04-11T11:02:38","modified_gmt":"2024-04-11T15:02:38","slug":"nueva-esparta-inces-celebra-el-dia-internacional-del-deporte-para-el-desarrollo-y-la-paz","status":"publish","type":"post","link":"https:\/\/inces.gob.ve\/index.php\/2024\/04\/11\/nueva-esparta-inces-celebra-el-dia-internacional-del-deporte-para-el-desarrollo-y-la-paz\/","title":{"rendered":"NUEVA ESPARTA | Inces celebra el D\u00eda Internacional del Deporte para el Desarrollo y la Paz"},"content":{"rendered":"<p dir=\"ltr\"><em><strong><span style=\"font-size: 14pt; font-family: helvetica, arial, sans-serif;\">** En el Inces se fomenta la actividad f\u00edsica de los trabajadores<\/span><\/strong><\/em><!--more--><\/p>\n<p dir=\"ltr\">\n<p dir=\"ltr\" style=\"text-align: justify;\"><span style=\"font-family: helvetica, arial, sans-serif; font-size: 14pt;\">En el estado Nueva Esparta, se celebr\u00f3 el D\u00eda Internacional del Deporte para el Desarrollo y la Paz de una manera muy especial. Trabajadores de todos los centros de formaci\u00f3n de la isla se reunieron en las instalaciones del Centro de Formaci\u00f3n Socialista (CFS) San Juan Bautista, ubicado en El Espinal, municipio D\u00edaz, donde el equipo fue recibido por el jefe del centro de formaci\u00f3n, \u00c1ngel Sol\u00f3rzano, para disfrutar de una jornada llena de actividades saludables y divertidas en las que se festej\u00f3 la importancia del deporte para el desarrollo personal y la promoci\u00f3n de la paz.<\/span><\/p>\n<p dir=\"ltr\">\n<p dir=\"ltr\" style=\"text-align: justify;\"><span style=\"font-family: helvetica, arial, sans-serif; font-size: 14pt;\">Durante el evento, los asistentes participaron en una bailoterapia, se movieron al ritmo de la m\u00fasica y liberaron energ\u00eda de forma muy positiva. Tambi\u00e9n jugaron b\u00e1squet, lo que les permiti\u00f3 fomentar el trabajo en equipo y la sana competencia.<\/span><\/p>\n<p dir=\"ltr\">\n<p dir=\"ltr\" style=\"text-align: justify;\"><span style=\"font-family: helvetica, arial, sans-serif; font-size: 14pt;\">Adem\u00e1s, no faltaron los juegos de domin\u00f3 y carta, que brindaron momentos de diversi\u00f3n y camarader\u00eda.<\/span><\/p>\n<p dir=\"ltr\">\n<p dir=\"ltr\" style=\"text-align: justify;\"><span style=\"font-family: helvetica, arial, sans-serif; font-size: 14pt;\">La jornada se celebr\u00f3 gracias a la anuencia del presidente de la instituci\u00f3n, Wuikelman Angel; de la gerente regional, Laurie Zabala; la coordinadora de Cultura, Deporte y Recreaci\u00f3n, Jacquelin Hern\u00e1ndez y el coordinador de la Oficina de Atenci\u00f3n al Ciudadano, Samil V\u00e1squez.<\/span><\/p>\n<p dir=\"ltr\">\n<p dir=\"ltr\" style=\"text-align: justify;\"><span style=\"font-family: helvetica, arial, sans-serif; font-size: 14pt;\">Con esta actividad se reconoce el poder transformador del deporte. Se espera seguir promoviendo estos espacios como herramienta para unir a los compa\u00f1eros y fomentar valores de paz y armon\u00eda.\u00a0<\/span><\/p>\n","protected":false},"excerpt":{"rendered":"<p>** En el Inces se fomenta la actividad f\u00edsica de los trabajadores<\/p>\n","protected":false},"author":4,"featured_media":57736,"comment_status":"closed","ping_status":"closed","sticky":false,"template":"","format":"standard","meta":{"footnotes":""},"categories":[2],"tags":[],"class_list":["post-57728","post","type-post","status-publish","format-standard","has-post-thumbnail","hentry","category-blog"],"_links":{"self":[{"href":"https:\/\/inces.gob.ve\/index.php\/wp-json\/wp\/v2\/posts\/57728","targetHints":{"allow":["GET"]}}],"collection":[{"href":"https:\/\/inces.gob.ve\/index.php\/wp-json\/wp\/v2\/posts"}],"about":[{"href":"https:\/\/inces.gob.ve\/index.php\/wp-json\/wp\/v2\/types\/post"}],"author":[{"embeddable":true,"href":"https:\/\/inces.gob.ve\/index.php\/wp-json\/wp\/v2\/users\/4"}],"replies":[{"embeddable":true,"href":"https:\/\/inces.gob.ve\/index.php\/wp-json\/wp\/v2\/comments?post=57728"}],"version-history":[{"count":1,"href":"https:\/\/inces.gob.ve\/index.php\/wp-json\/wp\/v2\/posts\/57728\/revisions"}],"predecessor-version":[{"id":57737,"href":"https:\/\/inces.gob.ve\/index.php\/wp-json\/wp\/v2\/posts\/57728\/revisions\/57737"}],"wp:featuredmedia":[{"embeddable":true,"href":"https:\/\/inces.gob.ve\/index.php\/wp-json\/wp\/v2\/media\/57736"}],"wp:attachment":[{"href":"https:\/\/inces.gob.ve\/index.php\/wp-json\/wp\/v2\/media?parent=57728"}],"wp:term":[{"taxonomy":"category","embeddable":true,"href":"https:\/\/inces.gob.ve\/index.php\/wp-json\/wp\/v2\/categories?post=57728"},{"taxonomy":"post_tag","embeddable":true,"href":"https:\/\/inces.gob.ve\/index.php\/wp-json\/wp\/v2\/tags?post=57728"}],"curies":[{"name":"wp","href":"https:\/\/api.w.org\/{rel}","templated":true}]}}