{"id":57797,"date":"2024-04-15T12:03:04","date_gmt":"2024-04-15T16:03:04","guid":{"rendered":"https:\/\/inces.gob.ve\/?p=57797"},"modified":"2024-04-16T16:33:09","modified_gmt":"2024-04-16T20:33:09","slug":"incas-reinauguro-su-centro-de-educacion-inicial-de-caracas-con-presencia-de-la-alcaldesa-y-de-la-ministra-educacion","status":"publish","type":"post","link":"https:\/\/inces.gob.ve\/index.php\/2024\/04\/15\/incas-reinauguro-su-centro-de-educacion-inicial-de-caracas-con-presencia-de-la-alcaldesa-y-de-la-ministra-educacion\/","title":{"rendered":"Inces reinaugur\u00f3 su Centro de Educaci\u00f3n Inicial de Caracas con presencia de la alcaldesa y de la ministra Educaci\u00f3n"},"content":{"rendered":"<p style=\"text-align: justify;\"><em><strong><span style=\"font-family: helvetica, arial, sans-serif; font-size: 14pt;\">** Refacci\u00f3n de los espacios, equipamiento de salones con material educativo y l\u00fadico, reacondicionamiento del parque, compra de una piscina gigante y la instalaci\u00f3n de aire acondicionado, internet y servicio hidr\u00e1ulico fueron algunas de las mejoras realizadas en el centro educativo<\/span><\/strong><\/em><!--more--><\/p>\n<p>&nbsp;<\/p>\n<p style=\"text-align: justify;\"><span style=\"font-family: helvetica, arial, sans-serif;\"><span style=\"font-size: 18.6667px;\"><b>L.T.<\/b><\/span><\/span><\/p>\n<p><strong>Foto: Luis J. Gonz\u00e1lez C.<\/strong><\/p>\n<p style=\"text-align: justify;\"><span style=\"font-family: helvetica, arial, sans-serif; font-size: 14pt;\">El Instituto Nacional de Capacitaci\u00f3n y Educaci\u00f3n Socialista (Inces) llev\u00f3 a cabo la reinauguraci\u00f3n del Centro de Educaci\u00f3n Inicial (CEI) Inces, ubicado en San Mart\u00edn, con la participaci\u00f3n del presidente del ente, Wuikelman Angel; la alcaldesa de Caracas, Carmen Mel\u00e9ndez y la ministra de Educaci\u00f3n, Yelitze Santaella.<\/span><\/p>\n<p><img loading=\"lazy\" decoding=\"async\" class=\"aligncenter wp-image-57799 size-large\" src=\"https:\/\/inces.gob.ve\/wp-content\/uploads\/2024\/04\/IMG_2648-1024x683.jpg\" alt=\"\" width=\"640\" height=\"427\" srcset=\"https:\/\/inces.gob.ve\/wp-content\/uploads\/2024\/04\/IMG_2648-1024x683.jpg 1024w, https:\/\/inces.gob.ve\/wp-content\/uploads\/2024\/04\/IMG_2648-300x200.jpg 300w, https:\/\/inces.gob.ve\/wp-content\/uploads\/2024\/04\/IMG_2648-768x512.jpg 768w, https:\/\/inces.gob.ve\/wp-content\/uploads\/2024\/04\/IMG_2648-1536x1024.jpg 1536w, https:\/\/inces.gob.ve\/wp-content\/uploads\/2024\/04\/IMG_2648-2048x1365.jpg 2048w, https:\/\/inces.gob.ve\/wp-content\/uploads\/2024\/04\/IMG_2648-272x182.jpg 272w\" sizes=\"auto, (max-width: 640px) 100vw, 640px\" \/><\/p>\n<p>&nbsp;<\/p>\n<p style=\"text-align: justify;\"><span style=\"font-family: helvetica, arial, sans-serif; font-size: 14pt;\">El objetivo de esta actividad fue hacer entrega de un espacio modernizado y reacondicionado para garantizar la atenci\u00f3n educativa integral a 50 ni\u00f1os de entre 3 y 6 a\u00f1os, hijos del personal del Inces y de las comunidades cercanas. Esta iniciativa es c\u00f3nsona con los lineamientos del presidente Nicol\u00e1s Maduro Moros, en cuanto a la recuperaci\u00f3n de centros educativos.<\/span><\/p>\n<p>&nbsp;<\/p>\n<p style=\"text-align: justify;\"><img loading=\"lazy\" decoding=\"async\" class=\"aligncenter wp-image-57806 size-large\" src=\"https:\/\/inces.gob.ve\/wp-content\/uploads\/2024\/04\/IMG_2791-1024x683.jpg\" alt=\"\" width=\"640\" height=\"427\" srcset=\"https:\/\/inces.gob.ve\/wp-content\/uploads\/2024\/04\/IMG_2791-1024x683.jpg 1024w, https:\/\/inces.gob.ve\/wp-content\/uploads\/2024\/04\/IMG_2791-300x200.jpg 300w, https:\/\/inces.gob.ve\/wp-content\/uploads\/2024\/04\/IMG_2791-768x512.jpg 768w, https:\/\/inces.gob.ve\/wp-content\/uploads\/2024\/04\/IMG_2791-1536x1024.jpg 1536w, https:\/\/inces.gob.ve\/wp-content\/uploads\/2024\/04\/IMG_2791-2048x1365.jpg 2048w, https:\/\/inces.gob.ve\/wp-content\/uploads\/2024\/04\/IMG_2791-272x182.jpg 272w\" sizes=\"auto, (max-width: 640px) 100vw, 640px\" \/><\/p>\n<p>&nbsp;<\/p>\n<p style=\"text-align: justify;\"><span style=\"font-family: helvetica, arial, sans-serif; font-size: 14pt;\">La infraestructura del CEI Inces cuenta ahora con capacidad para aproximadamente 90 ni\u00f1os, con aulas amplias y c\u00f3modas, \u00e1rea de comedor, sal\u00f3n de m\u00fasica y servicio de enfermer\u00eda. Adem\u00e1s, se adquirieron equipos tecnol\u00f3gicos, material did\u00e1ctico y utensilios necesarios para el funcionamiento del centro.<\/span><\/p>\n<p>&nbsp;<\/p>\n<p style=\"text-align: justify;\"><img loading=\"lazy\" decoding=\"async\" class=\"aligncenter wp-image-57800 size-large\" src=\"https:\/\/inces.gob.ve\/wp-content\/uploads\/2024\/04\/IMG_3113-1024x683.jpg\" alt=\"\" width=\"640\" height=\"427\" srcset=\"https:\/\/inces.gob.ve\/wp-content\/uploads\/2024\/04\/IMG_3113-1024x683.jpg 1024w, https:\/\/inces.gob.ve\/wp-content\/uploads\/2024\/04\/IMG_3113-300x200.jpg 300w, https:\/\/inces.gob.ve\/wp-content\/uploads\/2024\/04\/IMG_3113-768x512.jpg 768w, https:\/\/inces.gob.ve\/wp-content\/uploads\/2024\/04\/IMG_3113-1536x1024.jpg 1536w, https:\/\/inces.gob.ve\/wp-content\/uploads\/2024\/04\/IMG_3113-2048x1365.jpg 2048w, https:\/\/inces.gob.ve\/wp-content\/uploads\/2024\/04\/IMG_3113-272x182.jpg 272w\" sizes=\"auto, (max-width: 640px) 100vw, 640px\" \/><\/p>\n<p>&nbsp;<\/p>\n<p><img loading=\"lazy\" decoding=\"async\" class=\"aligncenter wp-image-57807 size-large\" src=\"https:\/\/inces.gob.ve\/wp-content\/uploads\/2024\/04\/IMG_3098-1024x683.jpg\" alt=\"\" width=\"640\" height=\"427\" srcset=\"https:\/\/inces.gob.ve\/wp-content\/uploads\/2024\/04\/IMG_3098-1024x683.jpg 1024w, https:\/\/inces.gob.ve\/wp-content\/uploads\/2024\/04\/IMG_3098-300x200.jpg 300w, https:\/\/inces.gob.ve\/wp-content\/uploads\/2024\/04\/IMG_3098-768x512.jpg 768w, https:\/\/inces.gob.ve\/wp-content\/uploads\/2024\/04\/IMG_3098-1536x1024.jpg 1536w, https:\/\/inces.gob.ve\/wp-content\/uploads\/2024\/04\/IMG_3098-2048x1365.jpg 2048w, https:\/\/inces.gob.ve\/wp-content\/uploads\/2024\/04\/IMG_3098-272x182.jpg 272w\" sizes=\"auto, (max-width: 640px) 100vw, 640px\" \/><\/p>\n<p>&nbsp;<\/p>\n<p style=\"text-align: justify;\"><span style=\"font-family: helvetica, arial, sans-serif; font-size: 14pt;\">La reinauguraci\u00f3n tambi\u00e9n incluy\u00f3 la restauraci\u00f3n del parque recreativo, la adquisici\u00f3n de una piscina para actividades de recreaci\u00f3n y la renovaci\u00f3n de la gruta de la virgen y del \u00e1rea de seguridad. As\u00ed mismo se implement\u00f3 un sistema hidroneum\u00e1tico moderno para garantizar el suministro constante de agua.<\/span><\/p>\n<p><img loading=\"lazy\" decoding=\"async\" class=\"aligncenter wp-image-57801 size-large\" src=\"https:\/\/inces.gob.ve\/wp-content\/uploads\/2024\/04\/IMG_2562-1024x683.jpg\" alt=\"\" width=\"640\" height=\"427\" srcset=\"https:\/\/inces.gob.ve\/wp-content\/uploads\/2024\/04\/IMG_2562-1024x683.jpg 1024w, https:\/\/inces.gob.ve\/wp-content\/uploads\/2024\/04\/IMG_2562-300x200.jpg 300w, https:\/\/inces.gob.ve\/wp-content\/uploads\/2024\/04\/IMG_2562-768x512.jpg 768w, https:\/\/inces.gob.ve\/wp-content\/uploads\/2024\/04\/IMG_2562-1536x1024.jpg 1536w, https:\/\/inces.gob.ve\/wp-content\/uploads\/2024\/04\/IMG_2562-2048x1365.jpg 2048w, https:\/\/inces.gob.ve\/wp-content\/uploads\/2024\/04\/IMG_2562-272x182.jpg 272w\" sizes=\"auto, (max-width: 640px) 100vw, 640px\" \/><\/p>\n<p>&nbsp;<\/p>\n<p style=\"text-align: justify;\"><span style=\"font-family: helvetica, arial, sans-serif; font-size: 14pt;\">Al respecto la alcaldesa de Caracas, Carmen Mel\u00e9ndez manifest\u00f3: \u201cEl trabajo que hizo el Inces con la recuperaci\u00f3n de este centro educativo se suma a todas las reparaciones y rehabilitaciones hechas a las escuelas; un trabajo que hacemos cumpliendo esa instrucci\u00f3n de nuestro querido presidente Nicol\u00e1s Maduro, que le dio prioridad a la educaci\u00f3n, a la salud y a los servicios, y que es en lo que hemos estado trabajando en los \u00faltimos a\u00f1os\u201d.<\/span><\/p>\n<p><img loading=\"lazy\" decoding=\"async\" class=\"aligncenter wp-image-57802 size-large\" src=\"https:\/\/inces.gob.ve\/wp-content\/uploads\/2024\/04\/IMG_2870-683x1024.jpg\" alt=\"\" width=\"640\" height=\"960\" srcset=\"https:\/\/inces.gob.ve\/wp-content\/uploads\/2024\/04\/IMG_2870-683x1024.jpg 683w, https:\/\/inces.gob.ve\/wp-content\/uploads\/2024\/04\/IMG_2870-200x300.jpg 200w, https:\/\/inces.gob.ve\/wp-content\/uploads\/2024\/04\/IMG_2870-768x1152.jpg 768w, https:\/\/inces.gob.ve\/wp-content\/uploads\/2024\/04\/IMG_2870-1024x1536.jpg 1024w, https:\/\/inces.gob.ve\/wp-content\/uploads\/2024\/04\/IMG_2870-1365x2048.jpg 1365w, https:\/\/inces.gob.ve\/wp-content\/uploads\/2024\/04\/IMG_2870-400x600.jpg 400w, https:\/\/inces.gob.ve\/wp-content\/uploads\/2024\/04\/IMG_2870-scaled.jpg 1707w\" sizes=\"auto, (max-width: 640px) 100vw, 640px\" \/><\/p>\n<p>&nbsp;<\/p>\n<p style=\"text-align: justify;\"><span style=\"font-family: helvetica, arial, sans-serif; font-size: 14pt;\">Por su parte, la jefa de la cartera educativa reconoci\u00f3 la labor, no solo del presidente del Inces, sino de todo el personal que labora en la instituci\u00f3n y que hizo posible el reacondicionamiento del CEI Inces. As\u00ed mismo, como buena maestra\u201d seg\u00fan dijo ella misma, dej\u00f3 una tarea al Inces: Hay que buscar el nombre de una maestra que haya sido significativa, los ep\u00f3nimos deben significar algo, y deben parecerse a eso que somos. Esto no puede llamarse solo CEI Inces, hay que ponerle un nombre\u201d.<\/span><\/p>\n<p><img loading=\"lazy\" decoding=\"async\" class=\"aligncenter wp-image-57804 size-large\" src=\"https:\/\/inces.gob.ve\/wp-content\/uploads\/2024\/04\/IMG_2992-1024x683.jpg\" alt=\"\" width=\"640\" height=\"427\" srcset=\"https:\/\/inces.gob.ve\/wp-content\/uploads\/2024\/04\/IMG_2992-1024x683.jpg 1024w, https:\/\/inces.gob.ve\/wp-content\/uploads\/2024\/04\/IMG_2992-300x200.jpg 300w, https:\/\/inces.gob.ve\/wp-content\/uploads\/2024\/04\/IMG_2992-768x512.jpg 768w, https:\/\/inces.gob.ve\/wp-content\/uploads\/2024\/04\/IMG_2992-1536x1024.jpg 1536w, https:\/\/inces.gob.ve\/wp-content\/uploads\/2024\/04\/IMG_2992-2048x1365.jpg 2048w, https:\/\/inces.gob.ve\/wp-content\/uploads\/2024\/04\/IMG_2992-272x182.jpg 272w\" sizes=\"auto, (max-width: 640px) 100vw, 640px\" \/><\/p>\n<p>&nbsp;<\/p>\n<p style=\"text-align: justify;\"><span style=\"font-family: helvetica, arial, sans-serif; font-size: 14pt;\">Asimismo, Wuikelman Angel\u00a0 habl\u00f3 de ese espacio como un ejemplo de lo que se hace d\u00eda a d\u00eda en el pa\u00eds, \u201ccon el empe\u00f1o y la dedicaci\u00f3n que nos exige el presidente Nicol\u00e1s Maduro. La recuperaci\u00f3n de este espacio es una muestra de la capacidad de nuestro pueblo para superar cualquier obst\u00e1culo\u201d, dijo.<\/span><\/p>\n<p>&nbsp;<\/p>\n<p><img loading=\"lazy\" decoding=\"async\" class=\"aligncenter wp-image-57805 size-large\" src=\"https:\/\/inces.gob.ve\/wp-content\/uploads\/2024\/04\/IMG_2808-1024x683.jpg\" alt=\"\" width=\"640\" height=\"427\" srcset=\"https:\/\/inces.gob.ve\/wp-content\/uploads\/2024\/04\/IMG_2808-1024x683.jpg 1024w, https:\/\/inces.gob.ve\/wp-content\/uploads\/2024\/04\/IMG_2808-300x200.jpg 300w, https:\/\/inces.gob.ve\/wp-content\/uploads\/2024\/04\/IMG_2808-768x512.jpg 768w, https:\/\/inces.gob.ve\/wp-content\/uploads\/2024\/04\/IMG_2808-1536x1024.jpg 1536w, https:\/\/inces.gob.ve\/wp-content\/uploads\/2024\/04\/IMG_2808-2048x1365.jpg 2048w, https:\/\/inces.gob.ve\/wp-content\/uploads\/2024\/04\/IMG_2808-272x182.jpg 272w\" sizes=\"auto, (max-width: 640px) 100vw, 640px\" \/><\/p>\n<p>&nbsp;<\/p>\n","protected":false},"excerpt":{"rendered":"<p>** Refacci\u00f3n de los espacios, equipamiento de salones con material educativo y l\u00fadico, reacondicionamiento del parque, compra de una piscina gigante y la instalaci\u00f3n de aire acondicionado, internet y servicio hidr\u00e1ulico fueron algunas de las mejoras realizadas en el centro educativo<\/p>\n","protected":false},"author":4,"featured_media":57798,"comment_status":"closed","ping_status":"closed","sticky":false,"template":"","format":"standard","meta":{"footnotes":""},"categories":[2],"tags":[],"class_list":["post-57797","post","type-post","status-publish","format-standard","has-post-thumbnail","hentry","category-blog"],"_links":{"self":[{"href":"https:\/\/inces.gob.ve\/index.php\/wp-json\/wp\/v2\/posts\/57797","targetHints":{"allow":["GET"]}}],"collection":[{"href":"https:\/\/inces.gob.ve\/index.php\/wp-json\/wp\/v2\/posts"}],"about":[{"href":"https:\/\/inces.gob.ve\/index.php\/wp-json\/wp\/v2\/types\/post"}],"author":[{"embeddable":true,"href":"https:\/\/inces.gob.ve\/index.php\/wp-json\/wp\/v2\/users\/4"}],"replies":[{"embeddable":true,"href":"https:\/\/inces.gob.ve\/index.php\/wp-json\/wp\/v2\/comments?post=57797"}],"version-history":[{"count":4,"href":"https:\/\/inces.gob.ve\/index.php\/wp-json\/wp\/v2\/posts\/57797\/revisions"}],"predecessor-version":[{"id":57811,"href":"https:\/\/inces.gob.ve\/index.php\/wp-json\/wp\/v2\/posts\/57797\/revisions\/57811"}],"wp:featuredmedia":[{"embeddable":true,"href":"https:\/\/inces.gob.ve\/index.php\/wp-json\/wp\/v2\/media\/57798"}],"wp:attachment":[{"href":"https:\/\/inces.gob.ve\/index.php\/wp-json\/wp\/v2\/media?parent=57797"}],"wp:term":[{"taxonomy":"category","embeddable":true,"href":"https:\/\/inces.gob.ve\/index.php\/wp-json\/wp\/v2\/categories?post=57797"},{"taxonomy":"post_tag","embeddable":true,"href":"https:\/\/inces.gob.ve\/index.php\/wp-json\/wp\/v2\/tags?post=57797"}],"curies":[{"name":"wp","href":"https:\/\/api.w.org\/{rel}","templated":true}]}}