{"id":57812,"date":"2024-04-16T06:55:09","date_gmt":"2024-04-16T10:55:09","guid":{"rendered":"https:\/\/inces.gob.ve\/?p=57812"},"modified":"2024-04-15T17:03:05","modified_gmt":"2024-04-15T21:03:05","slug":"yaracuy-mujeres-de-la-base-de-misiones-rosa-ines-21-se-forman-a-traves-del-inces","status":"publish","type":"post","link":"https:\/\/inces.gob.ve\/index.php\/2024\/04\/16\/yaracuy-mujeres-de-la-base-de-misiones-rosa-ines-21-se-forman-a-traves-del-inces\/","title":{"rendered":"YARACUY | Mujeres de la Base de Misiones Rosa In\u00e9s 21 se forman a trav\u00e9s del Inces"},"content":{"rendered":"<p style=\"text-align: justify;\"><strong><span style=\"font-family: helvetica, arial, sans-serif; font-size: 14pt;\"><em>**Las asistentes fueron part\u00edcipes de un d\u00eda diferente y compartieron experiencias de su acontecer diario<\/em><\/span><\/strong><!--more--><\/p>\n<p>&nbsp;<\/p>\n<p>&nbsp;<\/p>\n<p style=\"text-align: justify;\"><span style=\"font-family: helvetica, arial, sans-serif; font-size: 14pt;\"><strong>YOLAICE VARGA<\/strong><\/span><\/p>\n<p style=\"text-align: justify;\"><span style=\"font-family: helvetica, arial, sans-serif; font-size: 14pt;\">Las mujeres residentes de las comunidades que integran la Base de Misiones Rosa In\u00e9s 21, sector Las Tapias, municipio San Felipe, iniciaron procesos formativos a trav\u00e9s del Instituto Nacional de Capacitaci\u00f3n y Educaci\u00f3n Socialista (Inces).<\/span><\/p>\n<p style=\"text-align: justify;\"><span style=\"font-family: helvetica, arial, sans-serif; font-size: 14pt;\">Cumpliendo con el segundo v\u00e9rtice de la Gran Misi\u00f3n Venezuela Mujer (GMVM), la educaci\u00f3n para el empoderamiento, el Inces, abarca todos los territorios para formar a las f\u00e9minas en oficios productivos.<\/span><\/p>\n<p><img loading=\"lazy\" decoding=\"async\" class=\"aligncenter wp-image-57814 size-full\" src=\"https:\/\/inces.gob.ve\/wp-content\/uploads\/2024\/04\/IMG_20240411_165559_386-scaled-e1713214868622.jpg\" alt=\"\" width=\"800\" height=\"436\" \/><\/p>\n<p style=\"text-align: justify;\"><span style=\"font-family: helvetica, arial, sans-serif; font-size: 14pt;\">En esta ocasi\u00f3n el personal del Inces encabezado por el gerente regional Dalvi Torrealba, visit\u00f3 los espacios de dicha Base de Misiones, \u00a0para dar apertura a la formaci\u00f3n de m\u00e1s de 60 mujeres quienes se registraron \u00a0en diferentes perfiles productivos y en esta ocasi\u00f3n se unieron para recibir la capacitaci\u00f3n en \u00a0liderazgo, as\u00ed como pausas \u00a0activa con yoga de la risa y gimnasia cerebral de mano de las maestras voluntarias; Maigualida M\u00e9ndez y Nathaly Serrano respectivamente.<\/span><\/p>\n<p style=\"text-align: justify;\"><span style=\"font-family: helvetica, arial, sans-serif; font-size: 14pt;\">Ambas profesionales aportaron herramientas a las f\u00e9minas que pondr\u00e1n en pr\u00e1ctica para su crecimiento personal, al momento de iniciar la capacitaci\u00f3n en el oficio productivo, en sus hogares, en sus proyectos de emprendimiento y durante su rutina diaria.<\/span><\/p>\n<p style=\"text-align: justify;\"><span style=\"font-family: helvetica, arial, sans-serif; font-size: 14pt;\">De esta manera en Yaracuy se fortalece el segundo v\u00e9rtice de la GMVM, avanzando a pasos agigantados en la capacitaci\u00f3n de las mujeres yaracuyanas que posteriormente pondr\u00e1n en pr\u00e1ctica en sus vidas, para el desarrollo econ\u00f3mico y sustentable tanto de ellas como de su n\u00facleo familiar y de sus comunidades.<\/span><\/p>\n<p style=\"text-align: justify;\"><span style=\"font-family: helvetica, arial, sans-serif; font-size: 14pt;\">Las asistentes fueron part\u00edcipes de un d\u00eda diferente y compartieron experiencias de su acontecer diario, en cada intervenci\u00f3n resaltaron aspectos de sus vidas, que les han ense\u00f1ado a ser lideresas de s\u00ed mismas, al tiempo que han entendido que el amor y la aceptaci\u00f3n es fundamental para superar obst\u00e1culos y crecer.<\/span><\/p>\n","protected":false},"excerpt":{"rendered":"<p>**Las asistentes fueron part\u00edcipes de un d\u00eda diferente y compartieron experiencias de su acontecer diario<\/p>\n","protected":false},"author":15,"featured_media":57813,"comment_status":"closed","ping_status":"closed","sticky":false,"template":"","format":"standard","meta":{"footnotes":""},"categories":[2],"tags":[],"class_list":["post-57812","post","type-post","status-publish","format-standard","has-post-thumbnail","hentry","category-blog"],"_links":{"self":[{"href":"https:\/\/inces.gob.ve\/index.php\/wp-json\/wp\/v2\/posts\/57812","targetHints":{"allow":["GET"]}}],"collection":[{"href":"https:\/\/inces.gob.ve\/index.php\/wp-json\/wp\/v2\/posts"}],"about":[{"href":"https:\/\/inces.gob.ve\/index.php\/wp-json\/wp\/v2\/types\/post"}],"author":[{"embeddable":true,"href":"https:\/\/inces.gob.ve\/index.php\/wp-json\/wp\/v2\/users\/15"}],"replies":[{"embeddable":true,"href":"https:\/\/inces.gob.ve\/index.php\/wp-json\/wp\/v2\/comments?post=57812"}],"version-history":[{"count":1,"href":"https:\/\/inces.gob.ve\/index.php\/wp-json\/wp\/v2\/posts\/57812\/revisions"}],"predecessor-version":[{"id":57815,"href":"https:\/\/inces.gob.ve\/index.php\/wp-json\/wp\/v2\/posts\/57812\/revisions\/57815"}],"wp:featuredmedia":[{"embeddable":true,"href":"https:\/\/inces.gob.ve\/index.php\/wp-json\/wp\/v2\/media\/57813"}],"wp:attachment":[{"href":"https:\/\/inces.gob.ve\/index.php\/wp-json\/wp\/v2\/media?parent=57812"}],"wp:term":[{"taxonomy":"category","embeddable":true,"href":"https:\/\/inces.gob.ve\/index.php\/wp-json\/wp\/v2\/categories?post=57812"},{"taxonomy":"post_tag","embeddable":true,"href":"https:\/\/inces.gob.ve\/index.php\/wp-json\/wp\/v2\/tags?post=57812"}],"curies":[{"name":"wp","href":"https:\/\/api.w.org\/{rel}","templated":true}]}}